{"id":131965,"date":"2025-09-22T14:41:12","date_gmt":"2025-09-22T14:41:12","guid":{"rendered":"https:\/\/www.europesays.com\/es\/131965\/"},"modified":"2025-09-22T14:41:12","modified_gmt":"2025-09-22T14:41:12","slug":"arrancan-los-festejos-taurinos-en-villaviciosa-de-odon","status":"publish","type":"post","link":"https:\/\/www.europesays.com\/es\/131965\/","title":{"rendered":"Arrancan los festejos taurinos en Villaviciosa de Od\u00f3n"},"content":{"rendered":"<blockquote class=\"wp-block-quote is-layout-flow wp-block-quote-is-layout-flow\">\n<p>Esta misma tarde arranca el primer festejo de la feria taurina de Villaviciosa con motivo de las fiestas patronales en honor al Sant\u00edsimo Cristo del Milagro y Nuestra Se\u00f1ora de la Soledad.<\/p>\n<\/blockquote>\n<p>Los carteles son los siguientes:<\/p>\n<p><strong>Hoy lunes, 22 de septiembre a las seis de la tarde.<\/strong> <strong>Novillos de Aldeanueva para Alejandro Cano, Miguel Serrano y Joaqu\u00edn Caro.<\/strong><\/p>\n<p><strong>S\u00e1bado 27<\/strong>. <strong>A las cinco de la tarde. Novillos de El Cubo y Fuentespino para Cristian Gonz\u00e1lez, Nacho Torrej\u00f3n y \u00c1lvaro Serrano.<\/strong><\/p>\n<p><strong>Domingo 28<\/strong>. <strong>A las cinco de la tarde.<\/strong> <strong>Toros de Las Monjas para Rom\u00e1n, V\u00edctor Hern\u00e1ndez y Jorge Molina.<\/strong><\/p>\n<p>La programaci\u00f3n taurina se completa con encierros y sueltas de reses los d\u00edas de los festejos.<\/p>\n<p>Lunes 22 y s\u00e1bado 27 de septiembre, a las 10:00 horas.<\/p>\n<p>Domingo 28 de septiembre, a las 9:30 horas.<\/p>\n<p>Entradas gratuitas para empadronados<\/p>\n","protected":false},"excerpt":{"rendered":"Esta misma tarde arranca el primer festejo de la feria taurina de Villaviciosa con motivo de las fiestas&hellip;\n","protected":false},"author":2,"featured_media":131966,"comment_status":"","ping_status":"","sticky":false,"template":"","format":"standard","meta":{"footnotes":""},"categories":[277],"tags":[373,168,25,24,13510,8176,23,167,374,444,36594],"class_list":{"0":"post-131965","1":"post","2":"type-post","3":"status-publish","4":"format-standard","5":"has-post-thumbnail","7":"category-toreo","8":"tag-bullfighting","9":"tag-deportes","10":"tag-es","11":"tag-espana","12":"tag-novilladas","13":"tag-novilleros","14":"tag-spain","15":"tag-sports","16":"tag-toreo","17":"tag-toros","18":"tag-villaviciosa-de-odon"},"share_on_mastodon":{"url":"","error":""},"_links":{"self":[{"href":"https:\/\/www.europesays.com\/es\/wp-json\/wp\/v2\/posts\/131965","targetHints":{"allow":["GET"]}}],"collection":[{"href":"https:\/\/www.europesays.com\/es\/wp-json\/wp\/v2\/posts"}],"about":[{"href":"https:\/\/www.europesays.com\/es\/wp-json\/wp\/v2\/types\/post"}],"author":[{"embeddable":true,"href":"https:\/\/www.europesays.com\/es\/wp-json\/wp\/v2\/users\/2"}],"replies":[{"embeddable":true,"href":"https:\/\/www.europesays.com\/es\/wp-json\/wp\/v2\/comments?post=131965"}],"version-history":[{"count":0,"href":"https:\/\/www.europesays.com\/es\/wp-json\/wp\/v2\/posts\/131965\/revisions"}],"wp:featuredmedia":[{"embeddable":true,"href":"https:\/\/www.europesays.com\/es\/wp-json\/wp\/v2\/media\/131966"}],"wp:attachment":[{"href":"https:\/\/www.europesays.com\/es\/wp-json\/wp\/v2\/media?parent=131965"}],"wp:term":[{"taxonomy":"category","embeddable":true,"href":"https:\/\/www.europesays.com\/es\/wp-json\/wp\/v2\/categories?post=131965"},{"taxonomy":"post_tag","embeddable":true,"href":"https:\/\/www.europesays.com\/es\/wp-json\/wp\/v2\/tags?post=131965"}],"curies":[{"name":"wp","href":"https:\/\/api.w.org\/{rel}","templated":true}]}}