{"id":131967,"date":"2025-09-22T14:42:10","date_gmt":"2025-09-22T14:42:10","guid":{"rendered":"https:\/\/www.europesays.com\/es\/131967\/"},"modified":"2025-09-22T14:42:10","modified_gmt":"2025-09-22T14:42:10","slug":"chileno-fue-confirmado-en-el-dana-whites-contender-series-y-luchara-para-ganar-un-contrato-en-la-ufc","status":"publish","type":"post","link":"https:\/\/www.europesays.com\/es\/131967\/","title":{"rendered":"Chileno fue confirmado en el Dana White\u2019s Contender Series y luchar\u00e1 para ganar un contrato en la UFC"},"content":{"rendered":"<p>Una gran noticia recibi\u00f3 el mundo de las artes marciales mixtas en Chile: <b>otro luchador nacional tendr\u00e1 la oportunidad de buscar un lugar en la <\/b><a href=\"https:\/\/www.adnradio.cl\/2025\/08\/28\/va-por-el-doble-cinturon-confirman-el-regreso-de-islam-makhachev-a-la-ufc-con-un-combate-titular\/\" target=\"_self\" rel=\"nofollow noopener\" title=\"https:\/\/www.adnradio.cl\/2025\/08\/28\/va-por-el-doble-cinturon-confirman-el-regreso-de-islam-makhachev-a-la-ufc-con-un-combate-titular\/\"><b>UFC<\/b><\/a>.<\/p>\n<p><b>V\u00edctor Valenzuela<\/b> fue confirmado para pelear el 14 de octubre, en la \u00faltima semana del <b>Dana White\u2019s Contender Series<\/b>, evento en el que el presidente de la compa\u00f1\u00eda decide qu\u00e9 deportistas firmar\u00e1 para su empresa.<\/p>\n<p>Actualmente, Valenzuela pertenece a la compa\u00f1\u00eda <b>Fury<\/b>, donde es <b>campe\u00f3n interino del peso welter<\/b>, y ya ten\u00eda programado un combate de unificaci\u00f3n de t\u00edtulo ante <b>Sam Kilmer<\/b>.<\/p>\n<p>Revisa tambi\u00e9n:<\/p>\n<p><img decoding=\"async\" src=\"https:\/\/www.europesays.com\/es\/wp-content\/uploads\/2025\/09\/https:\/\/cloudfront-us-east-1.images.arcpublishing.com\/prisachile\/AZSJFZZ3SVGB3LUZAOWTIYECUY.jpg\" loading=\"lazy\" width=\"828\" height=\"621\" alt=\"ADN\"\/><\/p>\n<p>El rival del chileno, conocido como \u201c<b>Siko Shark<\/b>\u201d, ser\u00e1 <b>Michael Oliveria<\/b>, brasile\u00f1o de 27 a\u00f1os que llega con un r\u00e9cord invicto en MMA de <b>8-0<\/b>.<\/p>\n<p>El objetivo de Valenzuela ser\u00e1 superar la suerte de <b>Christopher \u201cTanke\u201d Ewert<\/b>, quien tambi\u00e9n particip\u00f3 en el Dana White\u2019s Contender Series, pero no logr\u00f3 obtener un contrato en la UFC tras caer ante el ruso <b>Yuri Panferov<\/b>.<\/p>\n","protected":false},"excerpt":{"rendered":"Una gran noticia recibi\u00f3 el mundo de las artes marciales mixtas en Chile: otro luchador nacional tendr\u00e1 la&hellip;\n","protected":false},"author":2,"featured_media":131968,"comment_status":"","ping_status":"","sticky":false,"template":"","format":"standard","meta":{"footnotes":""},"categories":[276],"tags":[1488,2047,168,25,24,591,42174,23,167,343],"class_list":{"0":"post-131967","1":"post","2":"type-post","3":"status-publish","4":"format-standard","5":"has-post-thumbnail","7":"category-ufc","8":"tag-artes-marciales","9":"tag-chile","10":"tag-deportes","11":"tag-es","12":"tag-espana","13":"tag-lucha","14":"tag-polideportivos","15":"tag-spain","16":"tag-sports","17":"tag-ufc"},"share_on_mastodon":{"url":"","error":""},"_links":{"self":[{"href":"https:\/\/www.europesays.com\/es\/wp-json\/wp\/v2\/posts\/131967","targetHints":{"allow":["GET"]}}],"collection":[{"href":"https:\/\/www.europesays.com\/es\/wp-json\/wp\/v2\/posts"}],"about":[{"href":"https:\/\/www.europesays.com\/es\/wp-json\/wp\/v2\/types\/post"}],"author":[{"embeddable":true,"href":"https:\/\/www.europesays.com\/es\/wp-json\/wp\/v2\/users\/2"}],"replies":[{"embeddable":true,"href":"https:\/\/www.europesays.com\/es\/wp-json\/wp\/v2\/comments?post=131967"}],"version-history":[{"count":0,"href":"https:\/\/www.europesays.com\/es\/wp-json\/wp\/v2\/posts\/131967\/revisions"}],"wp:featuredmedia":[{"embeddable":true,"href":"https:\/\/www.europesays.com\/es\/wp-json\/wp\/v2\/media\/131968"}],"wp:attachment":[{"href":"https:\/\/www.europesays.com\/es\/wp-json\/wp\/v2\/media?parent=131967"}],"wp:term":[{"taxonomy":"category","embeddable":true,"href":"https:\/\/www.europesays.com\/es\/wp-json\/wp\/v2\/categories?post=131967"},{"taxonomy":"post_tag","embeddable":true,"href":"https:\/\/www.europesays.com\/es\/wp-json\/wp\/v2\/tags?post=131967"}],"curies":[{"name":"wp","href":"https:\/\/api.w.org\/{rel}","templated":true}]}}