{"id":131971,"date":"2025-09-22T14:44:09","date_gmt":"2025-09-22T14:44:09","guid":{"rendered":"https:\/\/www.europesays.com\/es\/131971\/"},"modified":"2025-09-22T14:44:09","modified_gmt":"2025-09-22T14:44:09","slug":"cuanto-dinero-ganan-los-jugadores-del-equipo-del-resto-del-mundo-por-la-laver-cup","status":"publish","type":"post","link":"https:\/\/www.europesays.com\/es\/131971\/","title":{"rendered":"\u00bfCu\u00e1nto dinero ganan los jugadores del equipo del Resto del Mundo por la Laver Cup?"},"content":{"rendered":"<p class=\"\">El equipo del Resto del Mundo, capitaneado por Andre Agassi, y formado por <b>Taylor Fritz, Alex de Mi\u00f1aur, Joao Fonseca, Alex Michelsen, Reilly Opelka y Francisco Cer\u00fandolo, <\/b>termin\u00f3 levantando el trofeo de la Laver Cup 2025. <a href=\"https:\/\/as.com\/tenis\/mas_tenis\/alcaraz-y-ruud-mantienen-viva-a-europa-n\/\" target=\"_self\" rel=\"nofollow noopener\" title=\"https:\/\/as.com\/tenis\/mas_tenis\/alcaraz-y-ruud-mantienen-viva-a-europa-n\/\">Europa no pudo revalidar el t\u00edtulo tras caer por 9-15<\/a> la pasada madrugada. Por este triunfo, el equipo ganador se reparti\u00f3 <b>2.250.000 de d\u00f3lares (unos 2.649.810).<\/b><\/p>\n<p class=\"\">Esta edici\u00f3n se disput\u00f3 en San Francisco, Estados Unidos, en el <b>Chase Center<\/b>, la casa de los Golden State Warriors de la NBA y pudo ver como el equipo del Resto del Mundo consegu\u00eda recuperar el t\u00edtulo que el a\u00f1o pasado le arrebat\u00f3 Europa. A pesar de que <b>el equipo del Viejo Continente hizo un gran inicio en el torneo,<\/b> se vio superado con claridad.<\/p>\n<p class=\"\">Europa, capitaneado por Yannick Noah, y formado por <a href=\"https:\/\/as.com\/noticias\/carlos-alcaraz-garfia\/\" target=\"_self\" rel=\"nofollow noopener\" title=\"https:\/\/as.com\/noticias\/carlos-alcaraz-garfia\/\">Carlos Alcaraz<\/a>, Alexander Zverev, Casper Ruud, Holger Rune, JakubMnesik y Flavio Cobolli, no cobrar\u00e1 tanto como el equipo vencedor. Cada uno se llevar\u00e1 <b>unos 125.000 d\u00f3lares (unos 147.245 euros) cada uno,<\/b> seg\u00fan Sportskeeda.<\/p>\n<p>Noticias relacionadas<a href=\"https:\/\/as.com\/tenis\/mas_tenis\/asi-es-el-cuadro-de-carlos-alcaraz-en-el-atp-500-de-tokio-partidos-cruces-y-calendario-n\/\" class=\"s_m_w\" title=\"El espa\u00f1ol debuta en el torneo japon\u00e9s, que ya ha celebrado su sorteo y se disputa del mi\u00e9rcoles 24 al martes 30 de septiembre, despu\u00e9s de la derrota con Europa en la Laver Cup.  \" data-tb-link=\"\" rel=\"nofollow noopener\" target=\"_blank\"><img decoding=\"async\" src=\"https:\/\/www.europesays.com\/es\/wp-content\/uploads\/2025\/09\/RAXQO4NB3VM3XNC2FTMCTGEUJ4.jpg\" alt=\"As\u00ed es el cuadro de Carlos Alcaraz en el ATP 500 de Tokio: partidos, cruces y calendario \" class=\"\" height=\"1\" width=\"1\"   loading=\"lazy\" data-tb-thumbnail=\"\"\/><\/a><a href=\"https:\/\/as.com\/tenis\/videos\/cientos-de-gifs-en-camino-la-comica-reaccion-de-alcaraz-y-ruud-en-la-laver-tras-un-punto-v\/\" class=\"s_m_w\" title=\"El espa\u00f1ol y el noruego, del Team Europe, concedieron este ajustad\u00edsimo punto de Michelsen y Opelka en el partido de dobles de la Laver Cup.\" data-tb-link=\"\" rel=\"nofollow noopener\" target=\"_blank\"><img decoding=\"async\" src=\"https:\/\/www.europesays.com\/es\/wp-content\/uploads\/2025\/09\/O4FKP2VB75AYDJJX65SUXVNR7E.png\" alt=\"Cientos de GIFs en camino: la c\u00f3mica reacci\u00f3n de Alcaraz y Ruud en la Laver tras un punto\" class=\"\" height=\"1\" width=\"1\"   loading=\"lazy\" data-tb-thumbnail=\"\"\/><\/a><\/p>\n<p class=\"\"><b>\u00a1Tus opiniones importan!<\/b> Comenta en los art\u00edculos y suscr\u00edbete gratis a nuestra <a href=\"https:\/\/asfan.as.com\/newsletters\/\" target=\"_blank\" rel=\"nofollow noopener\" title=\"https:\/\/asfan.as.com\/newsletters\/\">newsletter<\/a> y a las alertas informativas en la <a href=\"https:\/\/as.com\/aplicacion-de-as-n\/\" target=\"_blank\" rel=\"nofollow noopener\" title=\"https:\/\/as.com\/aplicacion-de-as-n\/\">App<\/a> o el canal de <a href=\"https:\/\/www.whatsapp.com\/channel\/0029VaAasdA7j6g745nz9M10\" target=\"_blank\" rel=\"nofollow noopener\" title=\"https:\/\/www.whatsapp.com\/channel\/0029VaAasdA7j6g745nz9M10\">WhatsApp<\/a>. <\/p>\n<p class=\"\">\u00bfBuscas licenciar contenido? Haz clic <a href=\"https:\/\/profesional.elpais.com\/soluciones-sindicacion?utm_medium=interno&amp;utm_source=crosslinking&amp;utm_campaign=sindicacion_as_pie_articulos\" target=\"_blank\" rel=\"nofollow noopener\" title=\"https:\/\/profesional.elpais.com\/soluciones-sindicacion?utm_medium=interno&amp;utm_source=crosslinking&amp;utm_campaign=sindicacion_as_pie_articulos\">aqu\u00ed<\/a><\/p>\n","protected":false},"excerpt":{"rendered":"El equipo del Resto del Mundo, capitaneado por Andre Agassi, y formado por Taylor Fritz, Alex de Mi\u00f1aur,&hellip;\n","protected":false},"author":2,"featured_media":131972,"comment_status":"","ping_status":"","sticky":false,"template":"","format":"standard","meta":{"footnotes":""},"categories":[274],"tags":[168,25,24,23,167,327,326],"class_list":{"0":"post-131971","1":"post","2":"type-post","3":"status-publish","4":"format-standard","5":"has-post-thumbnail","7":"category-tenis","8":"tag-deportes","9":"tag-es","10":"tag-espana","11":"tag-spain","12":"tag-sports","13":"tag-tenis","14":"tag-tennis"},"share_on_mastodon":{"url":"","error":""},"_links":{"self":[{"href":"https:\/\/www.europesays.com\/es\/wp-json\/wp\/v2\/posts\/131971","targetHints":{"allow":["GET"]}}],"collection":[{"href":"https:\/\/www.europesays.com\/es\/wp-json\/wp\/v2\/posts"}],"about":[{"href":"https:\/\/www.europesays.com\/es\/wp-json\/wp\/v2\/types\/post"}],"author":[{"embeddable":true,"href":"https:\/\/www.europesays.com\/es\/wp-json\/wp\/v2\/users\/2"}],"replies":[{"embeddable":true,"href":"https:\/\/www.europesays.com\/es\/wp-json\/wp\/v2\/comments?post=131971"}],"version-history":[{"count":0,"href":"https:\/\/www.europesays.com\/es\/wp-json\/wp\/v2\/posts\/131971\/revisions"}],"wp:featuredmedia":[{"embeddable":true,"href":"https:\/\/www.europesays.com\/es\/wp-json\/wp\/v2\/media\/131972"}],"wp:attachment":[{"href":"https:\/\/www.europesays.com\/es\/wp-json\/wp\/v2\/media?parent=131971"}],"wp:term":[{"taxonomy":"category","embeddable":true,"href":"https:\/\/www.europesays.com\/es\/wp-json\/wp\/v2\/categories?post=131971"},{"taxonomy":"post_tag","embeddable":true,"href":"https:\/\/www.europesays.com\/es\/wp-json\/wp\/v2\/tags?post=131971"}],"curies":[{"name":"wp","href":"https:\/\/api.w.org\/{rel}","templated":true}]}}