{"id":131975,"date":"2025-09-22T14:46:08","date_gmt":"2025-09-22T14:46:08","guid":{"rendered":"https:\/\/www.europesays.com\/es\/131975\/"},"modified":"2025-09-22T14:46:08","modified_gmt":"2025-09-22T14:46:08","slug":"por-que-alonso-si-pago-su-sancion-en-baku-y-piastri-se-va-de-rositas","status":"publish","type":"post","link":"https:\/\/www.europesays.com\/es\/131975\/","title":{"rendered":"Por qu\u00e9 Alonso s\u00ed pag\u00f3 su sanci\u00f3n en Bak\u00fa y Piastri se va de rositas"},"content":{"rendered":"<p data-mrf-recirculation=\"Links P\u00e1rrafos\" class=\"ue-c-article__paragraph paragraph\"><strong>Se daba por hecho que Oscar Piastri<\/strong> arrastrar\u00eda una <strong>penalizaci\u00f3n <\/strong>de tres puestos en la parrilla de <strong>Singapur<\/strong>, el equivalente a la sanci\u00f3n de 5 segundos <strong>por saltarse la salida<\/strong> antes del apagado de los sem\u00e1foros, con la que fue castigado por los comisarios en Azerbaiy\u00e1n. Al irse contra la pared en la primera vuelta y no poder cumplirla en carrera, se cre\u00eda que se la aplicar\u00eda dentro de dos semanas, como era habitual.<\/p>\n<p data-mrf-recirculation=\"Links P\u00e1rrafos\" class=\"ue-c-article__paragraph paragraph\">Era un elemento crucial, pues<strong> Singapur es la pista, despu\u00e9s de M\u00f3naco, en la que es m\u00e1s dif\u00edcil adelantar y donde los McLaren deber\u00edan ser muy superiores<\/strong> al resto, sin interferencias de terceros en el d<strong>uelo que debe decidir el Mundial entre Lando Norris y el australiano. <\/strong>Se supon\u00eda que el &#8216;aussie&#8217; <strong>iba a salir retrasado, cuarto como m\u00ednimo,<\/strong> pero no ser\u00e1 as\u00ed por un cambio en el panel de penalizaciones de la FIA que tuvo lugar en el GP de Canad\u00e1 2025.<\/p>\n<p data-mrf-recirculation=\"Links P\u00e1rrafos\" class=\"ue-c-article__paragraph paragraph\">De forma <strong>gen\u00e9rica<\/strong>, el reglamento deportivo de la F1 establece que si un piloto no puede cumplir una penalizaci\u00f3n por no estar clasificado o por abandonar, \u00ab<strong>los comisarios podr\u00e1n imponerle una penalizaci\u00f3n de posici\u00f3n en parrilla en su pr\u00f3xima carrera\u00bb<\/strong>. Y esto era lo que se daba pro supuesto.<\/p>\n<p data-mrf-recirculation=\"Links P\u00e1rrafos\" class=\"ue-c-article__paragraph paragraph\">Sin embargo, las directrices de la FIA para comisarios, publicadas tras la prueba de <strong>Montreal<\/strong>, a principios de este a\u00f1o, explican por qu\u00e9 el australiano no arrastrar\u00e1 dichl penalizaci\u00f3n a la siguiente ronda.<\/p>\n<p data-mrf-recirculation=\"Links P\u00e1rrafos\" class=\"ue-c-article__paragraph paragraph\">La modificaci\u00f3n reza as\u00ed: <strong>\u00abEn los casos en que haya una sola penalizaci\u00f3n de 5 segundos que un piloto no pueda cumplir por abandonar, los comisarios no la convertir\u00e1n en una penalizaci\u00f3n de parrilla para una carrera posterior.<\/strong> Sin embargo, si hay m\u00e1s de una penalizaci\u00f3n, los comisarios podr\u00e1n convertir las penalizaciones de 5 segundos (y otras) en una penalizaci\u00f3n de parrilla\u00bb.<\/p>\n<p data-mrf-recirculation=\"Links P\u00e1rrafos\" class=\"ue-c-article__paragraph paragraph\"><strong>Fernando Alonso<\/strong> tambi\u00e9n recibi\u00f3 una penalizaci\u00f3n de cinco segundos por adelantarse en la salida y con el peque\u00f1o eximente de que fue justamente <strong>Piastri quien le despist\u00f3 al moverse antes<\/strong> de tiempo, ya que estaba en la marca del 9\u00ba, justamente delante de la del 11\u00ba de Fernando.<\/p>\n<p data-mrf-recirculation=\"Links P\u00e1rrafos\" class=\"ue-c-article__paragraph paragraph\">Sin embargo, <strong>el asturiano no puso ninguna excusa<\/strong> y acept\u00f3 la pena disculp\u00e1ndose con el equipo en plena carrera<strong>. \u00abLo siento t\u00edos, reaccion\u00e9 antes al movimiento de Piastri\u00bb<\/strong>, dec\u00eda por la radio. En la primera parada, sobre la vuelta 18, debido detenerse los 5 segundos antes de los cuales sus mec\u00e1nicos no pudieron tocar el coche antes de cambiarle los neum\u00e1ticos y eso arruin\u00f3 sus opciones de puntuar.<\/p>\n<p>Hamilton s\u00ed pag\u00f3 en Monza<\/p>\n<p data-mrf-recirculation=\"Links P\u00e1rrafos\" class=\"ue-c-article__paragraph paragraph\">Tambi\u00e9n <strong>Hamilton fue penalizado con cinco puestos en Monza por una sanci\u00f3n arrastrada desde Zandvoort, <\/strong>una semana antes. En este caso fue por pasar sin decelerar en una doble bandera amarilla, antes de la carrera. Pero los comisarios lo dejaron para despu\u00e9s de la prueba (incomprensible) y se considera una sanci\u00f3n m\u00e1s grave que 5 segundos, de 10 segundos en este caso, lo que se tradujo en los <strong>cinco puestos en la parrilla de Italia <\/strong>que le privaron de poder luchar por un podio quiz\u00e1.<\/p>\n<p data-mrf-recirculation=\"Links P\u00e1rrafos\" class=\"ue-c-article__paragraph paragraph\">Para <strong>Piastri puede ser clave, pues todo lo que no sea quedar justo detr\u00e1s de Norris en Marina Bay, es decir, a 18 en el Mundial,<\/strong> si as\u00ed fuera, podr\u00eda tener una trascendencia mucho mayor en el campeonato, dado que parece <strong>tocado en lo psicol\u00f3gico, tras un fin de semana con cuatro errores graves en pista<\/strong>, tres choques y la citada salida falsa. Pero en esta ocasi\u00f3n <strong>se va de rositas.<\/strong><\/p>\n","protected":false},"excerpt":{"rendered":"Se daba por hecho que Oscar Piastri arrastrar\u00eda una penalizaci\u00f3n de tres puestos en la parrilla de Singapur,&hellip;\n","protected":false},"author":2,"featured_media":131976,"comment_status":"","ping_status":"","sticky":false,"template":"","format":"standard","meta":{"footnotes":""},"categories":[270],"tags":[168,25,24,306,271,272,23,167],"class_list":{"0":"post-131975","1":"post","2":"type-post","3":"status-publish","4":"format-standard","5":"has-post-thumbnail","7":"category-formula-1","8":"tag-deportes","9":"tag-es","10":"tag-espana","11":"tag-f1","12":"tag-formula-1","13":"tag-formula1","14":"tag-spain","15":"tag-sports"},"share_on_mastodon":{"url":"","error":""},"_links":{"self":[{"href":"https:\/\/www.europesays.com\/es\/wp-json\/wp\/v2\/posts\/131975","targetHints":{"allow":["GET"]}}],"collection":[{"href":"https:\/\/www.europesays.com\/es\/wp-json\/wp\/v2\/posts"}],"about":[{"href":"https:\/\/www.europesays.com\/es\/wp-json\/wp\/v2\/types\/post"}],"author":[{"embeddable":true,"href":"https:\/\/www.europesays.com\/es\/wp-json\/wp\/v2\/users\/2"}],"replies":[{"embeddable":true,"href":"https:\/\/www.europesays.com\/es\/wp-json\/wp\/v2\/comments?post=131975"}],"version-history":[{"count":0,"href":"https:\/\/www.europesays.com\/es\/wp-json\/wp\/v2\/posts\/131975\/revisions"}],"wp:featuredmedia":[{"embeddable":true,"href":"https:\/\/www.europesays.com\/es\/wp-json\/wp\/v2\/media\/131976"}],"wp:attachment":[{"href":"https:\/\/www.europesays.com\/es\/wp-json\/wp\/v2\/media?parent=131975"}],"wp:term":[{"taxonomy":"category","embeddable":true,"href":"https:\/\/www.europesays.com\/es\/wp-json\/wp\/v2\/categories?post=131975"},{"taxonomy":"post_tag","embeddable":true,"href":"https:\/\/www.europesays.com\/es\/wp-json\/wp\/v2\/tags?post=131975"}],"curies":[{"name":"wp","href":"https:\/\/api.w.org\/{rel}","templated":true}]}}