{"id":131977,"date":"2025-09-22T14:47:15","date_gmt":"2025-09-22T14:47:15","guid":{"rendered":"https:\/\/www.europesays.com\/es\/131977\/"},"modified":"2025-09-22T14:47:15","modified_gmt":"2025-09-22T14:47:15","slug":"baskonia-se-reencuentra-con-la-aficion-en-un-amistoso-en-el-buesa-arena","status":"publish","type":"post","link":"https:\/\/www.europesays.com\/es\/131977\/","title":{"rendered":"Baskonia se reencuentra con la afici\u00f3n en un amistoso en el Buesa Arena"},"content":{"rendered":"<p>Baskonia sigue con su puesta a punto antes de dar el pistoletazo de salida a la temporada 25-26. Este pr\u00f3ximo martes <strong>23 de septiembre a las 20:30,<\/strong> llega al Buesa Arena un nuevo test de pretemporada en el que Baskonia se enfrentar\u00e1 al <strong>Trieste. <\/strong><\/p>\n<p>Un partido donde equipo y afici\u00f3n se reencontrar\u00e1n de nuevo. Para ello, el conjunto azulgrana abre las puertas del Buesa Arena <strong>de forma gratuita<\/strong>. Los baskonistas pueden adquirir sus entradas de las siguientes formas:<\/p>\n<p>\t\t\t\t\t\t\tPUBLICIDAD &#8211; SIGUE LEYENDO ABAJO<br \/>\n\t\t\t\t\t\t\t<a rel=\"noreferrer nofollow noopener\" href=\"https:\/\/www.aek.eus\/es-es\/\/euskara-eroso\" target=\"_blank\"><br \/>\n\t\t\t\t\t\t\t\t<img decoding=\"async\" width=\"400px\" height=\"400px\" layout=\"responsive\" data-category=\"banner-AEK-segparr\" id=\"segundoparr\" class=\"banclick\" src=\"https:\/\/www.europesays.com\/es\/wp-content\/uploads\/2025\/09\/publicidad-segundo-parrafo-60.gif\"\/><br \/>\n\t\t\t\t\t\t\t<\/a><\/p>\n<p><img fetchpriority=\"high\" decoding=\"async\" class=\"aligncenter wp-image-270243 size-large\" title=\"baskonia 25\/26\" src=\"https:\/\/www.europesays.com\/es\/wp-content\/uploads\/2025\/09\/G1HgeNJWwAAqx-m-879x586.jpg\" alt=\"baskonia 25\/26\" width=\"879\" height=\"586\"  \/><\/p>\n<p>Entradas<br \/>\nAbonados:<\/p>\n<ul>\n<li>Directamente con su <strong>abono<\/strong>, sin necesidad de retirar entrada.<\/li>\n<\/ul>\n<p>No abonados:<\/p>\n<ul>\n<li>Todo el que desee acceder al partido deber\u00e1 adquirir una entrada a trav\u00e9s de las siguientes v\u00edas: <strong>Online<\/strong>, mediante la <a href=\"https:\/\/entradas.baskonia.com\/baskonia\/select\/2598395?viewCode=V_areamap\" target=\"_blank\" rel=\"noopener nofollow\">plataforma oficial de entradas<\/a>.\u00a0El precio de la entrada es <strong>0 euros, pero el proceso de adquisici\u00f3n conlleva 2,5 euros<\/strong> en concepto de gastos de gesti\u00f3n de la plataforma. La otra v\u00eda es de forma presencial, en la <strong>tienda oficial<\/strong> Baskonia-Alav\u00e9s.<\/li>\n<\/ul>\n<p>Sin victorias en la pretemporada<\/p>\n<p data-start=\"49\" data-end=\"472\">Baskonia busca ante su afici\u00f3n la primera victoria de la pretemporada. El conjunto azulgrana <strong>ha ca\u00eddo en los tres partidos amistosos<\/strong> disputados hasta la fecha.<\/p>\n<p data-start=\"49\" data-end=\"472\"><img loading=\"lazy\" decoding=\"async\" class=\"aligncenter wp-image-270187 size-large\" title=\"diallo baskonia\" src=\"https:\/\/www.europesays.com\/es\/wp-content\/uploads\/2025\/09\/diallo-baskonia-879x586.jpeg\" alt=\"diallo baskonia\" width=\"879\" height=\"586\"  \/><\/p>\n<p>\t\t\t\t\t\tPUBLICIDAD &#8211; SIGUE LEYENDO ABAJO<br \/>\n\t\t\t\t\t\t<a rel=\"noreferrer nofollow noopener\" href=\"https:\/\/www.hyundai.es\/concesionarios\/autolasa\" target=\"_blank\"><br \/>\n\t\t\t\t\t\t\t<img decoding=\"async\" width=\"400px\" height=\"400px\" layout=\"responsive\" data-category=\"banner-Hyundai-autolasa\" id=\"quintoparr\" class=\"banclick\" src=\"https:\/\/www.europesays.com\/es\/wp-content\/uploads\/2025\/09\/publicidad-quinto-parrafo-32.gif\"\/><br \/>\n\t\t\t\t\t\t<\/a><\/p>\n<p data-start=\"49\" data-end=\"472\"><strong>Burgos, Valencia y Real Madrid<\/strong> han sido los equipos que han conseguido vencer al conjunto de Paolo Galbiati. Baskonia llega tras disputar este pasado fin de semana el torneo EncestaR\u00edas en Pontevedra, donde precisamente cay\u00f3 ante Valencia en la semifinal y ante el Real Madrid en la<a href=\"https:\/\/www.gasteizhoy.com\/en-directo-baskonia-busca-mejores-sensaciones-contra-el-madrid\/\" target=\"_blank\" rel=\"noopener nofollow\"> final de consolaci\u00f3n.<\/a><\/p>\n<p>Markquis Nowell, el \u00faltimo fichaje<\/p>\n<p>Baskonia anunci\u00f3 ayer el fichaje de <strong>Markquis Nowel<\/strong>, que competir\u00e1 en el puesto de base junto a Trent Forrest y Rafa Villar. El base americano llega <strong>procedente de la G-League<\/strong> y firma un contrato de\u00a0dos temporadas hasta 2027 con el conjunto vitoriano.<\/p>\n<p>La llegada del norteamericano obliga a<strong>\u00a0un descarte en la ACB<\/strong>. Y es que Baskonia tiene a\u00a0<strong>tres extracomunitarios<\/strong>\u00a0en plantilla: Howard, Forrest y Nowell. Por lo tanto, Galbiati tendr\u00e1 que elegir quien se queda fuera en cada partido liguero.<\/p>\n<p>\t\t\t\t<a class=\"content_cards_image_link\" href=\"https:\/\/www.gasteizhoy.com\/markquis-nowell-baskonia\/\" target=\"_blank\" rel=\"nofollow noopener\"><br \/><img decoding=\"async\" src=\"https:\/\/www.europesays.com\/es\/wp-content\/uploads\/2025\/09\/markquis-nowell.jpg\" alt=\"Markquis Nowell completa la direcci\u00f3n de Baskonia\"\/>\t\t\t\t<\/a><\/p>\n","protected":false},"excerpt":{"rendered":"Baskonia sigue con su puesta a punto antes de dar el pistoletazo de salida a la temporada 25-26.&hellip;\n","protected":false},"author":2,"featured_media":131978,"comment_status":"","ping_status":"","sticky":false,"template":"","format":"standard","meta":{"footnotes":""},"categories":[269],"tags":[299,298,168,25,24,23,167],"class_list":{"0":"post-131977","1":"post","2":"type-post","3":"status-publish","4":"format-standard","5":"has-post-thumbnail","7":"category-baloncesto","8":"tag-baloncesto","9":"tag-basketball","10":"tag-deportes","11":"tag-es","12":"tag-espana","13":"tag-spain","14":"tag-sports"},"share_on_mastodon":{"url":"","error":""},"_links":{"self":[{"href":"https:\/\/www.europesays.com\/es\/wp-json\/wp\/v2\/posts\/131977","targetHints":{"allow":["GET"]}}],"collection":[{"href":"https:\/\/www.europesays.com\/es\/wp-json\/wp\/v2\/posts"}],"about":[{"href":"https:\/\/www.europesays.com\/es\/wp-json\/wp\/v2\/types\/post"}],"author":[{"embeddable":true,"href":"https:\/\/www.europesays.com\/es\/wp-json\/wp\/v2\/users\/2"}],"replies":[{"embeddable":true,"href":"https:\/\/www.europesays.com\/es\/wp-json\/wp\/v2\/comments?post=131977"}],"version-history":[{"count":0,"href":"https:\/\/www.europesays.com\/es\/wp-json\/wp\/v2\/posts\/131977\/revisions"}],"wp:featuredmedia":[{"embeddable":true,"href":"https:\/\/www.europesays.com\/es\/wp-json\/wp\/v2\/media\/131978"}],"wp:attachment":[{"href":"https:\/\/www.europesays.com\/es\/wp-json\/wp\/v2\/media?parent=131977"}],"wp:term":[{"taxonomy":"category","embeddable":true,"href":"https:\/\/www.europesays.com\/es\/wp-json\/wp\/v2\/categories?post=131977"},{"taxonomy":"post_tag","embeddable":true,"href":"https:\/\/www.europesays.com\/es\/wp-json\/wp\/v2\/tags?post=131977"}],"curies":[{"name":"wp","href":"https:\/\/api.w.org\/{rel}","templated":true}]}}