{"id":131988,"date":"2025-09-22T14:53:13","date_gmt":"2025-09-22T14:53:13","guid":{"rendered":"https:\/\/www.europesays.com\/es\/131988\/"},"modified":"2025-09-22T14:53:13","modified_gmt":"2025-09-22T14:53:13","slug":"harris-dickinson-y-el-desafio-de-encarnar-a-john-lennon-en-la-saga-de-the-beatles-senti-miedo-por-la-envergadura-del-personaje","status":"publish","type":"post","link":"https:\/\/www.europesays.com\/es\/131988\/","title":{"rendered":"Harris Dickinson y el desaf\u00edo de encarnar a John Lennon en la saga de The Beatles: \u201cSent\u00ed miedo por la envergadura del personaje\u201d"},"content":{"rendered":"<p><img alt=\"Harris Dickinson asume el reto\" class=\"global-image\" decoding=\"async\" fetchpriority=\"high\" height=\"3667\" loading=\"eager\" src=\"https:\/\/www.europesays.com\/es\/wp-content\/uploads\/2025\/09\/SB3CBCEQGSLOB4DCDZOXCXQGNU.jpg\" width=\"5500\"\/>Harris Dickinson asume el reto de interpretar a John Lennon en la saga de The Beatles dirigida por Sam Mendes (REUTERS\/Mario Anzuoni)<\/p>\n<p class=\"paragraph\"><a rel=\"noopener noreferrer nofollow\" href=\"https:\/\/www.infobae.com\/entretenimiento\/2025\/09\/16\/la-transformacion-de-harris-dickinson-asi-se-prepara-para-encarnar-a-john-lennon\/\" target=\"_blank\" title=\"https:\/\/www.infobae.com\/entretenimiento\/2025\/09\/16\/la-transformacion-de-harris-dickinson-asi-se-prepara-para-encarnar-a-john-lennon\/\"><b>Harris Dickinson<\/b><\/a> afronta uno de los mayores retos de su carrera: interpretar a <b>John Lennon<\/b> en la ambiciosa saga cinematogr\u00e1fica sobre <b>The Beatles<\/b> que dirigir\u00e1 <b>Sam Mendes<\/b>, prevista para estrenarse en 2028.<\/p>\n<p class=\"paragraph\">El actor brit\u00e1nico, de 29 a\u00f1os, reconoce que la magnitud del personaje y la exposici\u00f3n medi\u00e1tica que implica el proyecto resultan intimidantes. <b>\u201cSent\u00ed miedo por la envergadura del personaje, este icono. Siempre existe cierto temor, pero el miedo a la exposici\u00f3n no me afect\u00f3 demasiado porque es un privilegio poder dedicarme a esto cada d\u00eda\u201d<\/b>, confes\u00f3 Dickinson en una entrevista con The Times.<\/p>\n<p class=\"paragraph\">A pesar de la presi\u00f3n, el int\u00e9rprete mantiene su rutina de paseos solitarios por <b>Epping Forest<\/b>, en el este de <b>Londres<\/b>, como remedio para encontrar calma.<\/p>\n<p class=\"paragraph\">El proceso de preparaci\u00f3n para dar vida a Lennon ha llevado a Dickinson a encuentros clave. Ha conocido en varias ocasiones a <b>Paul McCartney<\/b>, aunque a\u00fan no ha tenido la oportunidad de reunirse con <b>Yoko Ono<\/b> ni con los hijos de Lennon, <b>Sean<\/b> y <b>Julian<\/b>.<\/p>\n<p><img alt=\"El actor brit\u00e1nico reconoce la\" class=\"global-image\" decoding=\"async\" fetchpriority=\"low\" height=\"2100\" loading=\"lazy\" src=\"https:\/\/www.europesays.com\/es\/wp-content\/uploads\/2025\/09\/1758552792_25_L2TASSQFB5FZTF5Q77ZRPT54SM.jpg\" width=\"3407\"\/>El actor brit\u00e1nico reconoce la presi\u00f3n y el privilegio de encarnar a un \u00edcono musical en el cine (AP Foto)<\/p>\n<p class=\"paragraph\">Su entorno familiar, con ra\u00edces cercanas a <b>Liverpool<\/b>, ha recibido la noticia con entusiasmo. \u201cMi padre es del norte, as\u00ed que qued\u00f3 muy impresionado\u201d, relat\u00f3 el actor a The Times. Su madre, por su parte, sigue asimilando el alcance del proyecto, aunque la cotidianidad familiar pronto se impone: \u201cEl otro d\u00eda puse en el chat familiar que hab\u00eda conocido a Paul. Alguien dijo \u2018\u00a1Guau!\u2019, y enseguida pasaron a compartir fotos de mis sobrinos en el parque\u201d.<\/p>\n<p class=\"paragraph\">Para abordar el papel, Dickinson tambi\u00e9n ha buscado el consejo de <b>Tony King<\/b>, amigo cercano de Lennon y asesor en la producci\u00f3n; le recomend\u00f3 evitar la simple imitaci\u00f3n y, en cambio, construir una versi\u00f3n contempor\u00e1nea del m\u00fasico, <b>al estilo de lo que Austin Butler logr\u00f3 con Elvis Presley<\/b>. <\/p>\n<p class=\"paragraph\">Tambi\u00e9n record\u00f3 el caracter\u00edstico sentido del humor de Lennon, una cualidad que Dickinson comparte y que, seg\u00fan The Times, refuerza la idoneidad de su elecci\u00f3n para el papel.<\/p>\n<p><img alt=\"&quot;Urchin&quot;, el primer largometraje dirigido\" class=\"global-image\" decoding=\"async\" fetchpriority=\"low\" height=\"850\" loading=\"lazy\" src=\"https:\/\/www.europesays.com\/es\/wp-content\/uploads\/2025\/09\/6P47LPVMQVGQZJD7IADQCZNWII.jpg\" width=\"1583\"\/>\u00abUrchin\u00bb, el primer largometraje dirigido por Dickinson, debut\u00f3 con elogios en el Festival de Cannes<\/p>\n<p class=\"paragraph\">El salto de Dickinson a este proyecto de alto perfil coincide con un momento clave en su carrera. Adem\u00e1s de su trabajo como actor en pel\u00edculas como <b>El tri\u00e1ngulo de la tristeza<\/b> y <b>Babygirl<\/b>, donde comparti\u00f3 pantalla con <b>Nicole Kidman<\/b>, acaba de estrenar su primer largometraje como director, <b>Urchin<\/b>.<\/p>\n<p class=\"paragraph\">La pel\u00edcula, que debut\u00f3 con elogios en el <b>Festival de Cannes<\/b> en mayo, narra la historia de un hombre sin hogar en proceso de recuperaci\u00f3n de adicciones, atrapado en un ciclo de dificultades. El propio Dickinson invirti\u00f3 cinco a\u00f1os en escribir el guion y se involucr\u00f3 personalmente en la producci\u00f3n, incluso asumiendo un peque\u00f1o papel tras la baja de un actor.<\/p>\n<p class=\"paragraph\">\u201cNo es un tema por el que la gente se apresure a invertir dinero para que se haga\u201d, reconoci\u00f3 en di\u00e1logo con The Times, subrayando el car\u00e1cter personal del proyecto.<\/p>\n<p class=\"paragraph\">Urchin refleja el <b>compromiso social <\/b>de Dickinson, quien <b>ha colaborado durante a\u00f1os con organizaciones de apoyo a personas sin hogar y en iniciativas de salud mental<\/b>, especialmente durante la pandemia.<\/p>\n<p class=\"paragraph\">\u201cTengo un problema con la gente del mundo del espect\u00e1culo que habla de su implicaci\u00f3n en causas, porque hay muchas personas que no reciben ese foco\u201d, explic\u00f3. Durante el confinamiento, particip\u00f3 en <b>Project Parker<\/b>, en <b>Walthamstow<\/b>, y en la organizaci\u00f3n <b>Under One Sky<\/b>, donde ayud\u00f3 a distribuir alimentos y suministros m\u00e9dicos. \u201cNo quiero sonar como un falso salvador, ofreciendo soluciones a problemas mucho m\u00e1s grandes que yo. Solo soy una peque\u00f1a pieza\u201d, afirm\u00f3.<\/p>\n<p><img alt=\"Dickinson protagoniz\u00f3 &quot;Babygirl&quot; junto a\" class=\"global-image\" decoding=\"async\" fetchpriority=\"low\" height=\"1080\" loading=\"lazy\" src=\"https:\/\/www.europesays.com\/es\/wp-content\/uploads\/2025\/09\/XFNUY6LRAZAHFHJDGINGGHNIR4.jpg\" width=\"1920\"\/>Dickinson protagoniz\u00f3 \u00abBabygirl\u00bb junto a Nicole Kidman (A24)<\/p>\n<p class=\"paragraph\">El actor conoce de cerca las dificultades que retrata en su filme. En su juventud, trabaj\u00f3 en hoteles y como recolector de basura en el <b>Puente de Londres<\/b>, experiencias que traslad\u00f3 al personaje principal de Urchin.<\/p>\n<p class=\"paragraph\">Adem\u00e1s, creci\u00f3 en el este de Londres y pas\u00f3 cuatro a\u00f1os en los Royal Marine Cadets antes de decidirse por la actuaci\u00f3n. Su carrera despeg\u00f3 con la pel\u00edcula independiente estadounidense <b>Beach Rats<\/b>, aunque Dickinson nunca se ha sentido parte del molde tradicional de la industria.<\/p>\n<p class=\"paragraph\"><b>\u201cSiempre temo que todo esto se derrumbe. Siento que cada pel\u00edcula podr\u00eda ser la \u00faltima\u201d<\/b>, admiti\u00f3. A pesar de su creciente reconocimiento, valora la posibilidad de elegir proyectos que le permitan mantener el equilibrio con su vida personal y familiar, que comparte con la cantante <b>Rose Gray<\/b>.<\/p>\n<p class=\"paragraph\"><b>El sentido del humor y la autocr\u00edtica son rasgos que han acompa\u00f1ado a Dickinson desde sus inicios<\/b>. En una an\u00e9cdota relatada a The Times, record\u00f3 c\u00f3mo<b> un actor de clase alta lo ridiculiz\u00f3<\/b> en un rodaje temprano, subrayando su origen obrero frente al resto del equipo. Aunque no revel\u00f3 el nombre, la historia ilustra las barreras sociales que ha enfrentado y superado.<\/p>\n<p><img alt=\"El sentido del humor y\" class=\"global-image\" decoding=\"async\" fetchpriority=\"low\" height=\"3667\" loading=\"lazy\" src=\"https:\/\/www.europesays.com\/es\/wp-content\/uploads\/2025\/09\/TY762IHPORGBNBJUJLYNG45OSE.jpg\" width=\"5500\"\/>El sentido del humor y la autocr\u00edtica han marcado la carrera de Dickinson desde sus inicios (REUTERS\/Stephane Mahe)<\/p>\n<p class=\"paragraph\">Ahora, su vida se desarrolla en c\u00edrculos cercanos a la \u00e9lite que satiriz\u00f3 en El tri\u00e1ngulo de la tristeza, aunque <b>\u00e9l mismo reconoce que el \u00e9xito no resuelve todos los problemas<\/b>. \u201cSigo lidiando con cosas\u201d, se\u00f1al\u00f3.<\/p>\n<p class=\"paragraph\">La elecci\u00f3n de Dickinson para interpretar a Lennon ha generado expectativas sobre el enfoque que dar\u00e1 al personaje. Tony King, el asesor consultado por The Times, insisti\u00f3 en que el actor debe evitar la imitaci\u00f3n y buscar una interpretaci\u00f3n aut\u00e9ntica y actualizada.<\/p>\n<p class=\"paragraph\">Dickinson, por su parte, reconoce la dificultad del reto y la importancia de mantener la esencia del m\u00fasico, especialmente su ingenio y su humanidad. Cuando se le pregunt\u00f3 sobre los rumores que lo vinculan con el papel de <b>James Bond<\/b>, respondi\u00f3 con iron\u00eda: \u201cEso no empezar\u00e1 por un tiempo, \u00bfverdad? Y me gusta el martini. Pero, \u00bfqui\u00e9n sabe?\u201d.<\/p>\n<p class=\"paragraph\">Mientras avanza la producci\u00f3n de la saga de The Beatles, Dickinson mantiene la perspectiva sobre su trayectoria y el impacto del \u00e9xito. <b>\u201cLas personas que creen que el \u00e9xito elimina los problemas se equivocan. Mi vida y mi carrera han cambiado mi perspectiva, aunque no me guste la categorizaci\u00f3n de clases, porque es confusa y anticuada\u201d<\/b>, reflexion\u00f3 el actor en declaraciones recogidas por The Times.<\/p>\n","protected":false},"excerpt":{"rendered":"Harris Dickinson asume el reto de interpretar a John Lennon en la saga de The Beatles dirigida por&hellip;\n","protected":false},"author":2,"featured_media":131989,"comment_status":"","ping_status":"","sticky":false,"template":"","format":"standard","meta":{"footnotes":""},"categories":[170],"tags":[3118,11984,146,147,25,24,406,184,185,23],"class_list":{"0":"post-131988","1":"post","2":"type-post","3":"status-publish","4":"format-standard","5":"has-post-thumbnail","7":"category-musica","8":"tag-arts-culture-entertainment","9":"tag-cannes","10":"tag-entertainment","11":"tag-entretenimiento","12":"tag-es","13":"tag-espana","14":"tag-europe","15":"tag-music","16":"tag-musica","17":"tag-spain"},"share_on_mastodon":{"url":"","error":""},"_links":{"self":[{"href":"https:\/\/www.europesays.com\/es\/wp-json\/wp\/v2\/posts\/131988","targetHints":{"allow":["GET"]}}],"collection":[{"href":"https:\/\/www.europesays.com\/es\/wp-json\/wp\/v2\/posts"}],"about":[{"href":"https:\/\/www.europesays.com\/es\/wp-json\/wp\/v2\/types\/post"}],"author":[{"embeddable":true,"href":"https:\/\/www.europesays.com\/es\/wp-json\/wp\/v2\/users\/2"}],"replies":[{"embeddable":true,"href":"https:\/\/www.europesays.com\/es\/wp-json\/wp\/v2\/comments?post=131988"}],"version-history":[{"count":0,"href":"https:\/\/www.europesays.com\/es\/wp-json\/wp\/v2\/posts\/131988\/revisions"}],"wp:featuredmedia":[{"embeddable":true,"href":"https:\/\/www.europesays.com\/es\/wp-json\/wp\/v2\/media\/131989"}],"wp:attachment":[{"href":"https:\/\/www.europesays.com\/es\/wp-json\/wp\/v2\/media?parent=131988"}],"wp:term":[{"taxonomy":"category","embeddable":true,"href":"https:\/\/www.europesays.com\/es\/wp-json\/wp\/v2\/categories?post=131988"},{"taxonomy":"post_tag","embeddable":true,"href":"https:\/\/www.europesays.com\/es\/wp-json\/wp\/v2\/tags?post=131988"}],"curies":[{"name":"wp","href":"https:\/\/api.w.org\/{rel}","templated":true}]}}