{"id":132021,"date":"2025-09-22T15:16:08","date_gmt":"2025-09-22T15:16:08","guid":{"rendered":"https:\/\/www.europesays.com\/es\/132021\/"},"modified":"2025-09-22T15:16:08","modified_gmt":"2025-09-22T15:16:08","slug":"eva-amaral-asistida-de-urgencia-al-sufrir-una-crisis-respiratoria-tras-su-ultimo-concierto","status":"publish","type":"post","link":"https:\/\/www.europesays.com\/es\/132021\/","title":{"rendered":"Eva Amaral, asistida de urgencia al sufrir una crisis respiratoria tras su \u00faltimo concierto"},"content":{"rendered":"<p>22\/09\/2025<br \/>\n<br \/><strong><br \/>\nActualizado a las 16:39h.<br \/>\n<\/strong><\/p>\n<p class=\"voc-p\" style=\"\">La cantante <a href=\"https:\/\/www.abc.es\/gente\/vida-personal-eva-amaral-estudios-artisticos-muerte-20250201204000-nt.html\" target=\"_self\" data-voc-vtm-id=\"in-text-traffic\" title=\"Eva Amaral\" data-mrf-link=\"www.abc.es\" rel=\"nofollow noopener\">Eva Amaral<\/a> protagoniz\u00f3 un gran susto que alarm\u00f3 a sus miles de seguidores al tener que ser <strong>asistida de urgencia<\/strong> tras sufrir una crisis respiratoria al finalizar su \u00faltimo concierto, un suceso agravado por <strong>una bronquitis<\/strong> y el humo de los recientes incendios en Galicia.<\/p>\n<p class=\"voc-p\" style=\"\">El &#8216;Dolce Vita Tour&#8217; est\u00e1 siendo una de las giras de la temporada, pero <a href=\"https:\/\/www.abc.es\/gente\/pedro-ruiz-desvela-primera-vez-eva-amaral-20230814094321-nt.html\" target=\"_self\" data-voc-vtm-id=\"in-text-traffic\" title=\"Eva Amaral\" data-mrf-link=\"www.abc.es\" rel=\"nofollow noopener\">Eva Amaral<\/a> vivi\u00f3 un momento de <strong>enorme angustia<\/strong> en la noche de este s\u00e1bado, 20 de septiembre, en el Tarraco Arena de Tarragona. La cantante del d\u00fao Amaral, que arrastraba una fuerte bronquitis desde hace semanas, sufri\u00f3 <strong>una crisis respiratoria al final del concierto<\/strong>, una circunstancia que la oblig\u00f3 a tener que recibir asistencia m\u00e9dica de urgencia nada m\u00e1s abandonar el escenario.<\/p>\n<p class=\"voc-p\" style=\"\">El grupo zaragozano explic\u00f3 lo ocurrido en redes sociales: \u00abEn el \u00faltimo bis, Eva tuvo una crisis respiratoria causada por <strong>una bronquitis arrastrada desde hace semanas<\/strong> y agravada por la inhalaci\u00f3n de humo y cenizas de los \u00faltimos incendios en su zona\u00bb.<\/p>\n<p>\nLos incendios de Galicia\n<\/p>\n<p class=\"voc-p\" style=\"\">Cabe recordar que la vocalista del d\u00fao <a href=\"https:\/\/www.abc.es\/cultura\/musica\/amaral-reina-letizia-super-cool-20250207172157-nt.html\" target=\"_self\" data-voc-vtm-id=\"in-text-traffic\" title=\"Amaral\" data-mrf-link=\"www.abc.es\" rel=\"nofollow noopener\">Amaral<\/a> vive apartada del estr\u00e9s y los ritmos urbanos, y para ello se instal\u00f3 hace a\u00f1os en <strong>una aldea gallega<\/strong>. Pero all\u00ed ha tenido que vivir y padecer en primera persona los recientes incendios, ya hab\u00eda mostrado im\u00e1genes del humo y las cenizas alrededor de su casa.<\/p>\n<p class=\"voc-p\" style=\"\">Pese a seguir un tratamiento de antibi\u00f3ticos y reposo en los d\u00edas anteriores a los \u00faltimos conciertos, <strong>Eva Amaral decidi\u00f3 no suspender la cita de Tarragona<\/strong> y salir a cantar, una muestra m\u00e1s de su enorme profesionalidad, pero tambi\u00e9n un esfuerzo que finalmente acab\u00f3 pagando en sus propias carnes.<\/p>\n<p class=\"voc-p\" style=\"\">Aun as\u00ed, la banda quiso agradecer al p\u00fablico toda la energ\u00eda recibida para que el concierto fuera todo un \u00e9xito a pesar de las dificultades de la cantante. \u00ab<strong>Nada de esto impidi\u00f3 que sinti\u00e9ramos vuestra fuerza<\/strong>. El sentimiento que se cre\u00f3 en el concierto fue \u00fanico y nunca lo olvidaremos. Gracias especiales al equipo sanitario que atendi\u00f3 a Eva despu\u00e9s del show\u00bb, explic\u00f3 el d\u00fao en sus redes sociales.<\/p>\n<p>\nUn mensaje tranquilizador\n<\/p>\n<p class=\"voc-p\" style=\"\">El comunicado sirvi\u00f3 para tranquilizar a los seguidores del grupo musical y parece que en breve, y tras el pertinente descanso y cuidado, Eva Amaral se recuperar\u00e1 por completo y podr\u00e1 seguir con su gira. De hecho, <strong>el grupo mantiene en pie sus pr\u00f3ximos compromisos<\/strong> firmados dentro de su &#8216;Dolce Vita Tour&#8217; y la siguiente parada prevista es el s\u00e1bado, 27 de septiembre, en un recital que deben dar en La Palma y que no han cancelado.<\/p>\n<p class=\"voc-p\" style=\"\">\u00abPara todas las personas que nos pregunt\u00e1is por el estado de Eva: <strong>solo es cuesti\u00f3n de un poco de tiempo<\/strong> que se recupere totalmente. De nuevo un mill\u00f3n de gracias\u00bb, suscribi\u00f3 la banda zaragozana en el comunicado lanzado en sus redes sociales.<\/p>\n<p class=\"voc-p\" style=\"\">Son seis los conciertos que quedan pendientes de su gira de regreso a los escenarios tras un tiempo sin actuar. Como el propio d\u00fao se ha encargado de corroborar, <strong>el show siempre debe continuar<\/strong> y Eva Amaral estar\u00e1 de nuevo sobre el escenario para cumplir a rajatabla en La Palma con su papel de artista. Y se supone que completamente recuperada del susto que la llev\u00f3 a ser atendida de urgencia.<\/p>\n<p>Reportar un error<\/p>\n","protected":false},"excerpt":{"rendered":"22\/09\/2025 Actualizado a las 16:39h. La cantante Eva Amaral protagoniz\u00f3 un gran susto que alarm\u00f3 a sus miles&hellip;\n","protected":false},"author":2,"featured_media":132022,"comment_status":"","ping_status":"","sticky":false,"template":"","format":"standard","meta":{"footnotes":""},"categories":[174],"tags":[11669,42191,255,2339,4170,146,147,25,24,519,256,11056,23,18389,575,3667,9849],"class_list":{"0":"post-132021","1":"post","2":"type-post","3":"status-publish","4":"format-standard","5":"has-post-thumbnail","7":"category-famosos","8":"tag-amaral","9":"tag-asistida","10":"tag-celebrities","11":"tag-concierto","12":"tag-crisis","13":"tag-entertainment","14":"tag-entretenimiento","15":"tag-es","16":"tag-espana","17":"tag-eva","18":"tag-famosos","19":"tag-respiratoria","20":"tag-spain","21":"tag-sufrir","22":"tag-tras","23":"tag-ultimo","24":"tag-urgencia"},"share_on_mastodon":{"url":"","error":""},"_links":{"self":[{"href":"https:\/\/www.europesays.com\/es\/wp-json\/wp\/v2\/posts\/132021","targetHints":{"allow":["GET"]}}],"collection":[{"href":"https:\/\/www.europesays.com\/es\/wp-json\/wp\/v2\/posts"}],"about":[{"href":"https:\/\/www.europesays.com\/es\/wp-json\/wp\/v2\/types\/post"}],"author":[{"embeddable":true,"href":"https:\/\/www.europesays.com\/es\/wp-json\/wp\/v2\/users\/2"}],"replies":[{"embeddable":true,"href":"https:\/\/www.europesays.com\/es\/wp-json\/wp\/v2\/comments?post=132021"}],"version-history":[{"count":0,"href":"https:\/\/www.europesays.com\/es\/wp-json\/wp\/v2\/posts\/132021\/revisions"}],"wp:featuredmedia":[{"embeddable":true,"href":"https:\/\/www.europesays.com\/es\/wp-json\/wp\/v2\/media\/132022"}],"wp:attachment":[{"href":"https:\/\/www.europesays.com\/es\/wp-json\/wp\/v2\/media?parent=132021"}],"wp:term":[{"taxonomy":"category","embeddable":true,"href":"https:\/\/www.europesays.com\/es\/wp-json\/wp\/v2\/categories?post=132021"},{"taxonomy":"post_tag","embeddable":true,"href":"https:\/\/www.europesays.com\/es\/wp-json\/wp\/v2\/tags?post=132021"}],"curies":[{"name":"wp","href":"https:\/\/api.w.org\/{rel}","templated":true}]}}