{"id":132024,"date":"2025-09-22T15:18:10","date_gmt":"2025-09-22T15:18:10","guid":{"rendered":"https:\/\/www.europesays.com\/es\/132024\/"},"modified":"2025-09-22T15:18:10","modified_gmt":"2025-09-22T15:18:10","slug":"mi-verdadera-vocacion-es-ser-librero-alvaro-risso-se-confiesa","status":"publish","type":"post","link":"https:\/\/www.europesays.com\/es\/132024\/","title":{"rendered":"Mi verdadera vocaci\u00f3n es ser librero. \u00c1lvaro Risso se confiesa"},"content":{"rendered":"<p><a href=\"https:\/\/www.europesays.com\/es\/wp-content\/uploads\/2025\/09\/Imagen-de-WhatsApp-2025-09-18-a-las-18.04.02_2c804f21.jpg\"><img loading=\"lazy\" decoding=\"async\" width=\"750\" height=\"992\" src=\"https:\/\/www.europesays.com\/es\/wp-content\/uploads\/2025\/09\/Imagen-de-WhatsApp-2025-09-18-a-las-18.04.02_2c804f21.jpg\" alt=\"\" class=\"wp-image-37928\"  \/><\/a><\/p>\n<p class=\"has-accent-3-color has-text-color has-link-color wp-elements-c7904ff296f3ecc590a6512b1b7aced4\"><strong>Por Eldys Baratute.<\/strong><\/p>\n<p>\u00c1lvaro Risso es, esencialmente, un promotor del libro y la lectura. Quiz\u00e1s no se haya imaginado nunca lejos de las palabras, los libros, el olor a papel, a tinta. Desde distintos roles se ha encargado, toda su vida, de que el libro y el lector vayan juntos. A pocos d\u00edas de comenzar la 47 edici\u00f3n de la Feria Internacional del Libro de Montevideo, organizada por la C\u00e1mara Uruguaya del Libro que \u00e9l preside, el equipo de Dossier se acerc\u00f3 para hacerle algunas preguntas.<\/p>\n<p><strong>\u00bfCu\u00e1ntos a\u00f1os has estado frente a la C\u00e1mara Uruguaya del Libro?\u00a0<\/strong><\/p>\n<p>Unos cuantos. Esta es mi sexta presidencia, y cada uno de los per\u00edodos es de dos a\u00f1os. Nuestros estatutos indican que podemos ser electos solo por dos mandatos consecutivos. Luego \u2013y para que haya alternancia- podemos volver a presidir la C\u00e1mara si se deja transcurrir al menos un per\u00edodo.<\/p>\n<p><a href=\"https:\/\/revistadossier.com.uy\/wp-content\/uploads\/2025\/09\/Imagen-de-WhatsApp-2025-09-18-a-las-18.09.35_48790e10.jpg\" rel=\"nofollow noopener\" target=\"_blank\"><img loading=\"lazy\" decoding=\"async\" width=\"1024\" height=\"682\" src=\"https:\/\/www.europesays.com\/es\/wp-content\/uploads\/2025\/09\/Imagen-de-WhatsApp-2025-09-18-a-las-18.09.35_48790e10-1024x682.jpg\" alt=\"\" class=\"wp-image-37929\"  \/><\/a><\/p>\n<p><strong>\u00bfNo sientes que es una gran responsabilidad ser uno de los decisores sobre la visibilidad del libro (y lo que eso representa) en el pa\u00eds?<\/strong><\/p>\n<p>Hay numerosos actores grandes, medianos y peque\u00f1os que impulsan la difusi\u00f3n, defensa y promoci\u00f3n del libro en Uruguay. Entre todos se realiza una multiplicidad de tareas que responden a los m\u00e1s de 2.500 t\u00edtulos nuevos que, promedialmente, se publican por a\u00f1o en el pa\u00eds. Es una responsabilidad distribuida entre emprendedores privados del libro y los organismos estatales que dedican su esfuerzo a la cultura. Tambi\u00e9n destaco que el equipo y el directorio de la C\u00e1mara Uruguaya del Libro, cuenta con profesionales de gran capacidad y conocimiento del mundo editorial, por lo que es una tarea compartida entre muchos.<\/p>\n<p><strong>Eres autor, investigador, librero, director de la CUL, todos estos roles son importantes para lograr que el libro llegue al lector. \u00bfCon cu\u00e1l de ellos \u00c1lvaro Risso se siente m\u00e1s c\u00f3modo?<\/strong><\/p>\n<p>Lo de autor o investigador ha sido una grata actividad lateral muy espor\u00e1dica de intereses puntuales. Disfrut\u00e9 del periodismo de difusi\u00f3n cultural que durante a\u00f1os realic\u00e9 en radio, prensa y televisi\u00f3n, pero la verdadera vocaci\u00f3n es la que hered\u00e9 de mi padre y su socio, Adolfo Linardi, y que desempe\u00f1o desde hace m\u00e1s de 40 a\u00f1os, ser librero especializado en temas y autores uruguayos y latinoamericanos. Tambi\u00e9n me agrada mucho la tarea de editor, un oficio paralelo desde donde se contribuye y aporta de otro modo a la industria del libro.\u00a0<\/p>\n<p><strong>He le\u00eddo en otras entrevistas que la CUL es la responsable de la promoci\u00f3n del libro dentro y fuera de Uruguay \u00bfY los autores?, \u00bfqu\u00e9 pasa con los autores? \u00bfLa C\u00e1mara se encarga solo del del Mercado o tambi\u00e9n hay estrategias de visibilidad de los autores?<\/strong><\/p>\n<p>Entiendo que no es tan as\u00ed. La CUL no tiene la exclusividad de la promoci\u00f3n del libro, ni la pretende tener. La comparte con muchos otros protagonistas que, desde los m\u00e1s diversos \u00e1mbitos realizan acciones de difusi\u00f3n. Son cientos, y la C\u00e1mara los distingue en su ceremonia anual de \u201cLibros de Oro\u201d con la medalla de \u201cLegi\u00f3n del Libro\u201d por el trabajo que realizan en apoyo al libro y la lectura dentro y fuera del pa\u00eds. De la promoci\u00f3n y desarrollo del libro se encarga desde una maestra del Uruguay rural hasta un ministro o presidente de estado. Nos compete a todos.<\/p>\n<p>Y los autores est\u00e1n en el mismo barco. Cuando la C\u00e1mara Uruguaya del Libro entrega los Premios Bartolom\u00e9 Hidalgo a los mejores libros uruguayos del a\u00f1o, est\u00e1 asimismo otorg\u00e1ndole esa distinci\u00f3n a los autores. Y cuando nuestra organizaci\u00f3n participa junto al Ministerio de Educaci\u00f3n y Cultura de las dos grandes ferias del libro del mundo hisp\u00e1nico como son Buenos Aires y Guadalajara, concurre con un stand cuya finalidad esencial es la difusi\u00f3n y promoci\u00f3n de libros y autores uruguayos en el exterior.\u00a0<\/p>\n<p><strong>La C\u00e1mara es la responsable de la organizaci\u00f3n de la Feria del Libro en Montevideo. Pero no noto que tenga tanta incidencia en las que ocurren en los departamentos como San Jos\u00e9. \u00bfNo crea esto una brecha, una diferencia entre libros, autores, librer\u00edas y editoriales de Montevideo y las que est\u00e1n en el interior del pa\u00eds?<\/strong><\/p>\n<p>La C\u00e1mara tiene la responsabilidad de organizar la Feria Internacional del Libro de Montevideo (desde 1978) y la Feria del Libro Infantil y Juvenil que celebr\u00f3 su vig\u00e9sima tercera edici\u00f3n el pasado mes de mayo. Luego colabora con otros eventos que se realizan en diversos municipios de Montevideo, y tambi\u00e9n contribuye con aportes a distintas ferias del interior que as\u00ed lo requieran. El caso de San Jos\u00e9 se celebra en forma exitosa desde hace 18 a\u00f1os, y ha logrado posicionarse como la m\u00e1s importante del interior. Est\u00e1 muy bien organizada, y si bien la CUL viene colaborando con ellos desde el inicio, tiene vuelo propio, es una feria que funciona por s\u00ed misma.\u00a0<\/p>\n<p>Entiendo que al interior le hace falta un programa de ferias respaldadas por cada Intendencia, para lo cual ya hemos tenido muchas experiencias de colaboraci\u00f3n, pero no todas se mantienen con el paso del tiempo o con los cambios de autoridades.<\/p>\n<p>La C\u00e1mara est\u00e1 a disposici\u00f3n de todas las Direcciones de cultura de cada departamento para acompa\u00f1ar y colaborar con estos eventos. Justamente en estos d\u00edas recibimos y celebramos la noticia que Durazno va a organizar nuevamente en noviembre 2025 su feria del libro, con renovado entusiasmo y con nuestro apoyo.<\/p>\n<p><a href=\"https:\/\/www.europesays.com\/es\/wp-content\/uploads\/2025\/09\/Imagen-de-WhatsApp-2025-09-18-a-las-18.15.27_a0fa10c7.jpg\"><img loading=\"lazy\" decoding=\"async\" width=\"948\" height=\"727\" src=\"https:\/\/www.europesays.com\/es\/wp-content\/uploads\/2025\/09\/Imagen-de-WhatsApp-2025-09-18-a-las-18.15.27_a0fa10c7.jpg\" alt=\"\" class=\"wp-image-37930\"  \/><\/a>Foto: C\u00e1mara Uruguaya del Libro<\/p>\n<p><strong>Eres uno de los socios de una de las librer\u00edas m\u00e1s antol\u00f3gicas de Montevideo, con m\u00e1s de sesenta a\u00f1os de creada, adem\u00e1s tu responsabilidad frente a la CUL te mantiene actualizado en cuanto \u00edndice de ventas y\/o lectura. \u00bfQu\u00e9 se lee m\u00e1s y que se menos en cuanto a g\u00e9neros y temas?<\/strong><\/p>\n<p>La narrativa, la literatura infantil y juvenil, y el ensayo hist\u00f3rico\/period\u00edstico son temas fuertes. Los libros de autoayuda, superaci\u00f3n personal y astrolog\u00eda, son en general los que m\u00e1s venden en el pa\u00eds. Una menci\u00f3n a la poes\u00eda, g\u00e9nero muy apreciado por la cr\u00edtica y la academia y que merecer\u00eda un cap\u00edtulo aparte, ya que es uno de los m\u00e1s prol\u00edficos en cantidad de t\u00edtulos publicados anualmente en Uruguay, a pesar de sus \u2014salvo m\u00ednimas excepciones\u2014 escasas ventas, lo cual en parte se explica por la abundancia de ediciones de autor.<\/p>\n<p><strong>\u00bfQu\u00e9 diferencia a esta Feria Internacional del Libro de otras?\u00a0<\/strong><\/p>\n<p>No creo equivocarme si afirmo que la 47\u00aa Feria Internacional del Libro de Montevideo ser\u00e1 una de las mejores de la historia, por la cantidad y calidad de las 200 actividades culturales que se van a desarrollar en el evento. Contar con tantos y tan buenos escritores del exterior y de nuestro pa\u00eds, nos indican que ser\u00e1 memorable. Italia aportar\u00e1 a la programaci\u00f3n una muestra de su maravillosa cultura, de las m\u00e1s importantes del mundo. Contar con ellos le suma mucho a la feria, luego de la rica experiencia en a\u00f1os anteriores de tener de invitados de honor a pa\u00edses latinoamericanos. \u00a0<\/p>\n","protected":false},"excerpt":{"rendered":"Por Eldys Baratute. \u00c1lvaro Risso es, esencialmente, un promotor del libro y la lectura. Quiz\u00e1s no se haya&hellip;\n","protected":false},"author":2,"featured_media":132025,"comment_status":"","ping_status":"","sticky":false,"template":"","format":"standard","meta":{"footnotes":""},"categories":[172],"tags":[224,146,147,25,24,225,23],"class_list":{"0":"post-132024","1":"post","2":"type-post","3":"status-publish","4":"format-standard","5":"has-post-thumbnail","7":"category-libros","8":"tag-books","9":"tag-entertainment","10":"tag-entretenimiento","11":"tag-es","12":"tag-espana","13":"tag-libros","14":"tag-spain"},"share_on_mastodon":{"url":"","error":""},"_links":{"self":[{"href":"https:\/\/www.europesays.com\/es\/wp-json\/wp\/v2\/posts\/132024","targetHints":{"allow":["GET"]}}],"collection":[{"href":"https:\/\/www.europesays.com\/es\/wp-json\/wp\/v2\/posts"}],"about":[{"href":"https:\/\/www.europesays.com\/es\/wp-json\/wp\/v2\/types\/post"}],"author":[{"embeddable":true,"href":"https:\/\/www.europesays.com\/es\/wp-json\/wp\/v2\/users\/2"}],"replies":[{"embeddable":true,"href":"https:\/\/www.europesays.com\/es\/wp-json\/wp\/v2\/comments?post=132024"}],"version-history":[{"count":0,"href":"https:\/\/www.europesays.com\/es\/wp-json\/wp\/v2\/posts\/132024\/revisions"}],"wp:featuredmedia":[{"embeddable":true,"href":"https:\/\/www.europesays.com\/es\/wp-json\/wp\/v2\/media\/132025"}],"wp:attachment":[{"href":"https:\/\/www.europesays.com\/es\/wp-json\/wp\/v2\/media?parent=132024"}],"wp:term":[{"taxonomy":"category","embeddable":true,"href":"https:\/\/www.europesays.com\/es\/wp-json\/wp\/v2\/categories?post=132024"},{"taxonomy":"post_tag","embeddable":true,"href":"https:\/\/www.europesays.com\/es\/wp-json\/wp\/v2\/tags?post=132024"}],"curies":[{"name":"wp","href":"https:\/\/api.w.org\/{rel}","templated":true}]}}