{"id":132026,"date":"2025-09-22T15:19:09","date_gmt":"2025-09-22T15:19:09","guid":{"rendered":"https:\/\/www.europesays.com\/es\/132026\/"},"modified":"2025-09-22T15:19:09","modified_gmt":"2025-09-22T15:19:09","slug":"laura-madrueno-pone-en-la-mesa-las-razones-de-la-caida-de-audiencia-de-supervivientes-all-stars-nos-el-televisero","status":"publish","type":"post","link":"https:\/\/www.europesays.com\/es\/132026\/","title":{"rendered":"Laura Madrue\u00f1o pone en la mesa las razones de la ca\u00edda de audiencia de &#039;Supervivientes All Stars&#039;: &quot;Nos &#8211; El Televisero"},"content":{"rendered":"<ol>\n<li><a href=\"https:\/\/news.google.com\/rss\/articles\/CBMi6gFBVV95cUxQaVNQSGthaWh0bjFXSHI2UWZVeVBwQjM4T1dTNTRiak1DVy1OcGlkMVdKRXM2aWItN0dfOGUzcG5NTXA0ODY1a3lUNnhvX3J5YnpxajFkRk1BVk5icGdzOWZYbjJyaTBtTWRRVEtlTUUxbm05RDJNNWFDdHg2UEhWbktVOVNmVERTZDAtRjBpd01vVk9LVi1IRVI2Q3VoN3l0TjNoUVlXQVhnc1d3OUVlUGFEZ1ptRDlPbFltb3RTNG9fLTJ2bUNXWWdTRFpaaGQ5Ml9lTHZDUExpeVUxQzYtaklPVU9hR0hQVXfSAfIBQVVfeXFMUERNc3d1VWV6Yk82N0p5bDZSdTJCSXR0aUpHa1RSbXdxLTlZQmE1V0RIOEtwT3o3UUJ6QlctZjJ0RUcwUGl1NEIyOWJZazhzVFJLWGRFemVrV0xVdWo0dk5iUkhhQmxvQUNQbUpzWEpHdkkwMFBCMkw1enhaVzB1blAwRGdKdGQyU05VVm55dWlCWW9LSXV5dEZQUkJHcS1SLXctVm1VOGVTZjFxQ2paWjRyWWgyaEw5UXF6SUYxbV9aQTRvbkg3V3Utams5Xy0tUGFvRk1CSUpJTlpWNTV1Mi1kRm8zcTBreDEyYTVLV0ZkblE?oc=5\" target=\"_blank\" rel=\"nofollow noopener\">Laura Madrue\u00f1o pone en la mesa las razones de la ca\u00edda de audiencia de &#8216;Supervivientes All Stars&#8217;: \u00abNos<\/a>&nbsp;&nbsp;El Televisero<\/li>\n<li><a href=\"https:\/\/news.google.com\/rss\/articles\/CBMi1AFBVV95cUxOWElwYkVOUmxPYzRsb3UtRmx4c2NIVmZVNkFMOWNxM01oQk9US3AwUnJXR21KZXc4VHBDSm9GS2hBLUxCaGxqOWFrYjVNTEEtdk96V21PZWhRWWFQTWZnQm5IVkUwcy1yZ2hpTWJsNGFBNThScmRrTEJtVF96R1BxcFBfX2xjaXJwajhDb3ZFQUZ1RjBieFpvZXJLb0J3RWxXa29OeW5TanhtcDZtSU9aTVh0U18ycFlmYzB5MUNUa2pHN1ZEMUxrLXRtUlN2NDE4VGt0Uw?oc=5\" target=\"_blank\" rel=\"nofollow noopener\">Laura Madrue\u00f1o habla tras las c\u00e1maras de &#8216;Supervivientes&#8217;: de la \u00abtensi\u00f3n\u00bb del estreno a lo que \u00abafectan\u00bb las audiencias<\/a>&nbsp;&nbsp;elDiario.es<\/li>\n<li><a href=\"https:\/\/news.google.com\/rss\/articles\/CBMi5AFBVV95cUxPNnA2NnVPLXFoUTJmOGNZZEdraElXVUU5MDBHZTBUTThrLThWWEhyNVpoWUphSVZiTm5lTVVfSHhxOGdGX1poQ1VJRUJoN3I4LS04VXJ0UFJfLWNibVNhSmx2WmlodWZNMVJFaXBkb2x1SDRXTFhNWjcyYzUwSGJtNzg0QkRjTmIzeHloVko0SkNSWjlvUzloZ1RZNk9PR3duemNTWFpXWmx1ZXV5YkR2eEJrTVJuVjQxeFdMTk1qM3JtclQxelNqcEhHUHo3TENyMVdlZW1GdXgyTmUyZ1ctSmd1TUw?oc=5\" target=\"_blank\" rel=\"nofollow noopener\">Laura Madrue\u00f1o sobre su preparaci\u00f3n f\u00edsica: \u00abCon mucho entrenamiento y con un entrenador personal. M\u00ednimo de media hora de fuerza\u00bb<\/a>&nbsp;&nbsp;Vanitatis<\/li>\n<li><a href=\"https:\/\/news.google.com\/rss\/articles\/CBMi2wFBVV95cUxNazZibUQzNFAwaURLc2FEemkyS1ZyMS1EZnJJeENBLThfc19TSG5tcGNrampvSHhRQk12dWh3bG9SYU43U25QcDBFZU9mTGVNcEt6bTkxb2lBQ2lkWjlfZ3NodTA2THplZGtHZXV3aDAxZE5EbUF4clF1aTFRdGdDaWg5QkdWdFdRNzNhQ2xoM3BGX1I4cVB6U2RZTE11RDZQNHR0OS1IN2JXb3dSbF9nVWdIeDZVN3pKTGZoeDBwYTJZX2xxeEJzLV80czZyWFRxMGVtYTFab1pQRlnSAeABQVVfeXFMUF9GYzgxeUZRV2M1cnRDWTZhVElLeXdNWmtwTW1DVDhBc3VKakZRN1Jra2FXZWlhUEdCTEhDLWVkOEdIMVE3MHdDV1owbEY2RkhEbE9JcWFUbTlrc01DbjNFd2pSNkpmSDBkMHZBdkpsYVliQmJkVUtOTkR5NERmMzBvTGhncWpBNWxKMkhrZkMzQTZSanBCOXhIRnlmdkk3VmM3TzNxbkxUS1hSbGM3MmxheGhLZllCcmxxczBNdkNxTE9YV3ZiYXNVVEdSX1FPRE5ib2oyVTRJNXFfbFFFZVU?oc=5\" target=\"_blank\" rel=\"nofollow noopener\">As\u00ed sac\u00f3 adelante Laura Madrue\u00f1o la gala m\u00e1s dif\u00edcil de &#8216;Supervivientes: All Stars&#8217;: \u00abNo sab\u00eda ni qu\u00e9 hora era\u00bb<\/a>&nbsp;&nbsp;El Espa\u00f1ol<\/li>\n<li><a href=\"https:\/\/news.google.com\/rss\/articles\/CBMitAJBVV95cUxOaklWNkZTNXJHUEhyRzQ2NkFld3FTX0h6QVhxR1NJb3F0X1BlR203QUZtZ0FTc0VxcjA1QlBPNHcyem85T2VfbWw2ZXZJWUZEYU1HeFMybWJuY3F3X2picWhQMEtZREF3ejZVRTlCdnMweTkwNzRuUmNubjVHOWMybXMxSjNjWVRXbzRidGZhVnZwSnhzRFgyQ0oxQVdTbFRWMDlhUkZKUldybi1uc0dmUkx6Y3h6UUpfN3RMNWlROGVhd1BuQmszbm5LM0VaMmtaaDNEZlNpYlE4S0hMd2FLemhWNktSWl9vLW5RUk14U1JJb3lyaUJhM1ZkNTljYkxDYkRLTHQzeHAxdU9BU29xY2RRazVZYUtjZFBVUnFWWGxrTVNGSjFraG5qSktqNG44VzV1MNIBnwJBVV95cUxPWVVvbHlvdzhLWU1WVktsZTNSb2ZqdjNEZU1NMzNuNGtDd1VPTlhSQ010M3BJUlVteEpVaXF0T0tXX2VkQWtCMlZFMERlVUYtb2cxZG9OTGFYTUVDTmRSV1BEbkM5VmlCeHZZZ3ZIR05pZFNzRHJWOE9kc29pNjVhWV9QeFZ1anI0TkI2TVVTZjBieHM4RW5DTWgxSVVYU2pOMm54THB6LU1Gak1LM1RMaW94b0ZKT3RLYnR2MEp5d2hIelYwaG5Ub2M1blJIeE41NW9RTFdzR3BFOWt1dFZ1ZzRVdWFNckRtNGFJVktnS1kybG1jdjhha2x0MXZXeEpsSzV1X0RnNnNpcHZGbmR4X20za0VjUkhQeTNCUHNMZw?oc=5\" target=\"_blank\" rel=\"nofollow noopener\">Hablamos con Laura Madrue\u00f1o de su vida en Honduras, su futuro en &#8216;Supervivientes&#8217; y sus proyectos en Mediaset: \u00abTengo contrato de cadena\u00bb<\/a>&nbsp;&nbsp;El Economista<\/li>\n<\/ol>\n","protected":false},"excerpt":{"rendered":"Laura Madrue\u00f1o pone en la mesa las razones de la ca\u00edda de audiencia de &#8216;Supervivientes All Stars&#8217;: \u00abNos&nbsp;&nbsp;El&hellip;\n","protected":false},"author":2,"featured_media":128102,"comment_status":"","ping_status":"","sticky":false,"template":"","format":"standard","meta":{"footnotes":""},"categories":[171],"tags":[146,147,25,24,23,214],"class_list":{"0":"post-132026","1":"post","2":"type-post","3":"status-publish","4":"format-standard","5":"has-post-thumbnail","7":"category-tv","8":"tag-entertainment","9":"tag-entretenimiento","10":"tag-es","11":"tag-espana","12":"tag-spain","13":"tag-tv"},"share_on_mastodon":{"url":"","error":""},"_links":{"self":[{"href":"https:\/\/www.europesays.com\/es\/wp-json\/wp\/v2\/posts\/132026","targetHints":{"allow":["GET"]}}],"collection":[{"href":"https:\/\/www.europesays.com\/es\/wp-json\/wp\/v2\/posts"}],"about":[{"href":"https:\/\/www.europesays.com\/es\/wp-json\/wp\/v2\/types\/post"}],"author":[{"embeddable":true,"href":"https:\/\/www.europesays.com\/es\/wp-json\/wp\/v2\/users\/2"}],"replies":[{"embeddable":true,"href":"https:\/\/www.europesays.com\/es\/wp-json\/wp\/v2\/comments?post=132026"}],"version-history":[{"count":0,"href":"https:\/\/www.europesays.com\/es\/wp-json\/wp\/v2\/posts\/132026\/revisions"}],"wp:featuredmedia":[{"embeddable":true,"href":"https:\/\/www.europesays.com\/es\/wp-json\/wp\/v2\/media\/128102"}],"wp:attachment":[{"href":"https:\/\/www.europesays.com\/es\/wp-json\/wp\/v2\/media?parent=132026"}],"wp:term":[{"taxonomy":"category","embeddable":true,"href":"https:\/\/www.europesays.com\/es\/wp-json\/wp\/v2\/categories?post=132026"},{"taxonomy":"post_tag","embeddable":true,"href":"https:\/\/www.europesays.com\/es\/wp-json\/wp\/v2\/tags?post=132026"}],"curies":[{"name":"wp","href":"https:\/\/api.w.org\/{rel}","templated":true}]}}