{"id":132027,"date":"2025-09-22T15:20:11","date_gmt":"2025-09-22T15:20:11","guid":{"rendered":"https:\/\/www.europesays.com\/es\/132027\/"},"modified":"2025-09-22T15:20:11","modified_gmt":"2025-09-22T15:20:11","slug":"taylor-swift-el-detallismo-y-el-lujo-de-the-life-of-a-showgirl-novedades","status":"publish","type":"post","link":"https:\/\/www.europesays.com\/es\/132027\/","title":{"rendered":"Taylor Swift, el detallismo y el &#8216;lujo&#8217; de &#8216;The life of a showgirl&#8217; | Novedades"},"content":{"rendered":"<p><a href=\"https:\/\/los40.com\/tag\/taylor_swift\/a\/\" target=\"_blank\" rel=\"nofollow noopener\" title=\"https:\/\/los40.com\/tag\/taylor_swift\/a\/\"><b>Taylor Swift<\/b><\/a> est\u00e1 lista para deslumbrar con<b> <\/b><a href=\"https:\/\/los40.com\/2025\/09\/03\/lo-que-tienes-que-saber-del-nuevo-disco-de-taylor-swift-the-life-of-a-showgirl-lista-de-canciones-la-favorita-de-travis-kelce-regreso-de-max-martin\/\" target=\"_blank\" rel=\"nofollow noopener\" title=\"https:\/\/los40.com\/2025\/09\/03\/lo-que-tienes-que-saber-del-nuevo-disco-de-taylor-swift-the-life-of-a-showgirl-lista-de-canciones-la-favorita-de-travis-kelce-regreso-de-max-martin\/\"><b>su duod\u00e9cimo \u00e1lbum de estudio, The Life of a Showgirl,<\/b><\/a> que se lanzar\u00e1 oficialmente el 3 de octubre de 2025. Y como ya es costumbre en la artista, el disco no llegar\u00e1 en una \u00fanica versi\u00f3n: Swift ha preparado una serie de ediciones coleccionables y formatos especiales que convierten este lanzamiento en una experiencia est\u00e9tica y musical para sus seguidores. La cantante ha desvelado en un v\u00eddeo la ingente cantidad de horas invertidas en la creaci\u00f3n de este trabajo.<\/p>\n<p>Porque pese a lo importante de esta nueva aventura musical sean las 12 canciones entre las que encontramos <b>The Fate of Ophelia, Elizabeth Taylor, Father Fiture, The Life of a Showgirl<\/b> (con Sabrina Carpenter)&#8230; <a href=\"https:\/\/los40.com\/2025\/08\/27\/taylor-swift-suma-una-septima-portada-para-the-life-of-a-showgirl-al-mas-puro-estilo-cabaret\/\" target=\"_blank\" rel=\"nofollow noopener\" title=\"https:\/\/los40.com\/2025\/08\/27\/taylor-swift-suma-una-septima-portada-para-the-life-of-a-showgirl-al-mas-puro-estilo-cabaret\/\"><b>el envoltorio tambi\u00e9n va a ser una suerte de premio y de recompensa<\/b><\/a> para lxs fans de la int\u00e9rprete estadounidense.<\/p>\n<p>Taylor Swift ha lanzado una edici\u00f3n limitada en vinilo con portada alternativa, dise\u00f1ada por el d\u00fao <b>Mert and Marcus<\/b>, que captura la est\u00e9tica glamurosa y provocadora de esta nueva era: \u00abLa sesi\u00f3n de fotos que hicimos con Mert Ala\u015f y Marcus Piggott fue tan extraordinaria y me encant\u00f3 que solo quer\u00eda que los fans tuvieran tantas im\u00e1genes de este mundo, de esta era del \u00e1lbum, como fuera posible. As\u00ed que dediqu\u00e9 mucho tiempo a pensar en c\u00f3mo pod\u00eda crear el mejor vinilo, el mejor empaque y la mejor experiencia de CD posible\u00bb.<\/p>\n<p><img decoding=\"async\" src=\"https:\/\/los40.com\/pf\/resources\/img\/logo-40-v-c.svg?d=879\" alt=\"LOS40\" class=\"i-pro\" width=\"68\" height=\"68\" loading=\"lazy\"\/><\/p>\n<p>El nivel de detalle mostrado por la solista es m\u00e1ximo en cada una de las decisiones que rodean al packaging y a la imagen de este elep\u00e9: \u00abTodos los CD tienen tarjetas fotogr\u00e1ficas. Cada vinilo tiene un poema dentro, un poema \u00fanico. Contienen m\u00e1s im\u00e1genes de las que jam\u00e1s hab\u00edamos planeado incluir. Elegimos este acabado de alto brillo, algo que nunca hab\u00eda hecho antes, y me parece genial. Quer\u00edamos que este \u00e1lbum se sintiera realmente lujoso y como un gui\u00f1o al lujo que una corista se da cuando est\u00e1 en el escenario. Mientras tanto, en la sala de cambio r\u00e1pido, ella est\u00e1 como&#8230; Quiz\u00e1s sea solo yo, no lo s\u00e9\u00bb.<\/p>\n<p>La artista tambi\u00e9n ha anunciado <a href=\"https:\/\/los40.com\/2025\/09\/20\/the-life-of-a-showgirl-en-que-cines-de-espana-se-celebrara-la-fiesta-de-lanzamiento-del-nuevo-disco-de-taylor-swift\/\" target=\"_blank\" rel=\"nofollow noopener\" title=\"https:\/\/los40.com\/2025\/09\/20\/the-life-of-a-showgirl-en-que-cines-de-espana-se-celebrara-la-fiesta-de-lanzamiento-del-nuevo-disco-de-taylor-swift\/\"><b>una experiencia cinematogr\u00e1fica exclusiva titulada The Official Release Party of a Showgirl<\/b><\/a>, que se proyectar\u00e1 en salas de cine del 3 al 5 de octubre. En este evento, los fans podr\u00e1n ver el estreno mundial del videoclip de The Fate of Ophelia, material detr\u00e1s de c\u00e1maras, explicaciones sobre el proceso creativo y versiones l\u00edricas animadas de las canciones del disco.<\/p>\n<p>\u00abEs algo de lo que estoy realmente orgullosa\u00bb dice Swift. \u00abMe llev\u00f3 mucho tiempo armarlo, mucha concentraci\u00f3n, mucha organizaci\u00f3n, pero espero que valga la pena. Espero que los fans est\u00e9n contentos\u00bb.<\/p>\n","protected":false},"excerpt":{"rendered":"Taylor Swift est\u00e1 lista para deslumbrar con su duod\u00e9cimo \u00e1lbum de estudio, The Life of a Showgirl, que&hellip;\n","protected":false},"author":2,"featured_media":132028,"comment_status":"","ping_status":"","sticky":false,"template":"","format":"standard","meta":{"footnotes":""},"categories":[170],"tags":[146,147,25,24,184,185,23],"class_list":{"0":"post-132027","1":"post","2":"type-post","3":"status-publish","4":"format-standard","5":"has-post-thumbnail","7":"category-musica","8":"tag-entertainment","9":"tag-entretenimiento","10":"tag-es","11":"tag-espana","12":"tag-music","13":"tag-musica","14":"tag-spain"},"share_on_mastodon":{"url":"","error":""},"_links":{"self":[{"href":"https:\/\/www.europesays.com\/es\/wp-json\/wp\/v2\/posts\/132027","targetHints":{"allow":["GET"]}}],"collection":[{"href":"https:\/\/www.europesays.com\/es\/wp-json\/wp\/v2\/posts"}],"about":[{"href":"https:\/\/www.europesays.com\/es\/wp-json\/wp\/v2\/types\/post"}],"author":[{"embeddable":true,"href":"https:\/\/www.europesays.com\/es\/wp-json\/wp\/v2\/users\/2"}],"replies":[{"embeddable":true,"href":"https:\/\/www.europesays.com\/es\/wp-json\/wp\/v2\/comments?post=132027"}],"version-history":[{"count":0,"href":"https:\/\/www.europesays.com\/es\/wp-json\/wp\/v2\/posts\/132027\/revisions"}],"wp:featuredmedia":[{"embeddable":true,"href":"https:\/\/www.europesays.com\/es\/wp-json\/wp\/v2\/media\/132028"}],"wp:attachment":[{"href":"https:\/\/www.europesays.com\/es\/wp-json\/wp\/v2\/media?parent=132027"}],"wp:term":[{"taxonomy":"category","embeddable":true,"href":"https:\/\/www.europesays.com\/es\/wp-json\/wp\/v2\/categories?post=132027"},{"taxonomy":"post_tag","embeddable":true,"href":"https:\/\/www.europesays.com\/es\/wp-json\/wp\/v2\/tags?post=132027"}],"curies":[{"name":"wp","href":"https:\/\/api.w.org\/{rel}","templated":true}]}}