{"id":132031,"date":"2025-09-22T15:22:14","date_gmt":"2025-09-22T15:22:14","guid":{"rendered":"https:\/\/www.europesays.com\/es\/132031\/"},"modified":"2025-09-22T15:22:14","modified_gmt":"2025-09-22T15:22:14","slug":"ferran-iguala-los-48-goles-que-david-villa-marco-con-el-barcelona","status":"publish","type":"post","link":"https:\/\/www.europesays.com\/es\/132031\/","title":{"rendered":"Ferran iguala los 48 goles que David Villa marc\u00f3 con el Barcelona"},"content":{"rendered":"<p class=\"mb-4 text-lg md:leading-8 break-words\">Barcelona, 22 sep (EFE).- Con el doblete que firm\u00f3 este domingo frente al Getafe (3-0), el delantero Ferran Torres alcanz\u00f3 los 48 goles con el Barcelona, los mismos que anot\u00f3 David Villa en las tres temporadas que jug\u00f3 en el equipo azulgrana.<\/p>\n<p class=\"mb-4 text-lg md:leading-8 break-words\">El atacante valenciano lleg\u00f3 a esta cifra en 163 partidos, mientras que el asturiano lo consigui\u00f3 en 120 duelos en los que reparti\u00f3 24 asistencias, cuatro m\u00e1s de las que suma el futbolista de Foios, que se ha erigido en el m\u00e1ximo goleador del equipo de Flick en este inicio de temporada.<\/p>\n<p class=\"mb-4 text-lg md:leading-8 break-words\">El internacional espa\u00f1ol, titular en las cinco primeras jornadas de LaLiga, ya suma cuatro goles en la competici\u00f3n dom\u00e9stica, los mismos que el&#8217;9&#8242; del Mallorca Vedat Muriqi y uno menos que el delantero del Real Madrid Kylian Mbapp\u00e9.<\/p>\n<p class=\"mb-4 text-lg md:leading-8 break-words\">Polivalente en ataque<\/p>\n<p class=\"mb-4 text-lg md:leading-8 break-words\">El &#8216;tibur\u00f3n&#8217; ha despuntado como goleador tanto de delantero centro, posici\u00f3n que ocup\u00f3 en las primeras cuatro jornadas, como escorado en la banda izquierda, donde frente al Getafe ocup\u00f3 el lugar de Marcus Rashford, bigoleador en Newcastle.<\/p>\n<p class=\"mb-4 text-lg md:leading-8 break-words\">Aunque la posici\u00f3n en la que se encuentra m\u00e1s c\u00f3modo es la de &#8216;9&#8217;, donde este curso est\u00e1 jugando m\u00e1s minutos para dar descanso al veterano Robert Lewandowski.<\/p>\n<p class=\"mb-4 text-lg md:leading-8 break-words\">El atacante polaco, m\u00e1ximo realizador azulgrana el curso pasado con 42 tantos, parte todav\u00eda con ventaja para mantenerse en el once inicial, pero su edad (37 a\u00f1os) y su situaci\u00f3n contractual -su v\u00ednculo con el club azulgrana expira el pr\u00f3ximo mes de junio- obligan al Bar\u00e7a a buscar alternativas.<\/p>\n<p class=\"mb-4 text-lg md:leading-8 break-words\">Este curso el cuerpo t\u00e9cnico cuenta con muchas piezas en la parcela ofensiva para compensar la posible ausencia de Lewandowski. Desde apostar por la movilidad del reci\u00e9n llegado Marcus Rashford, al que Flick ve m\u00e1s como extremo izquierdo, o situar a Dani Olmo como &#8216;falso 9&#8217;, aunque la opci\u00f3n m\u00e1s natural es la de Ferran.<\/p>\n<p class=\"mb-4 text-lg md:leading-8 break-words\">Rendimiento ascendiente bajo las \u00f3rdenes de Flick<\/p>\n<p class=\"mb-4 text-lg md:leading-8 break-words\">El crecimiento del futbolista de Foios en el \u00faltimo a\u00f1o bajo las \u00f3rdenes del t\u00e9cnico alem\u00e1n es indiscutible. Pas\u00f3 de estar cuestionado por una parte del &#8216;entorno&#8217; desde que fich\u00f3 por el Bar\u00e7a en el mercado de invierno de la temporada 2021-22 a convertirse en el tercer m\u00e1ximo goleador el curso pasado (19 tantos).<\/p>\n<p class=\"mb-4 text-lg md:leading-8 break-words\">A su trabajo en la presi\u00f3n y generosidad en los desmarques, se suma su olfato goleador, algo que ha demostrado ante el Mallorca (0-3), el Levante (2-3) y el Getafe (3-0).<\/p>\n<p class=\"mb-4 text-lg md:leading-8 break-words\">En Son Moix, se invent\u00f3 un zapatazo que entr\u00f3 por la escuadra en una jugada algo extra\u00f1a por la inacci\u00f3n de la defensa rival, que esperaba que el \u00e1rbitro parara el partido por el balonazo que hab\u00eda recibido Ra\u00edllo en el interior del \u00e1rea en una jugada previa.<\/p>\n<p class=\"mb-4 text-lg md:leading-8 break-words\">Una semana despu\u00e9s, en el Ciutat de Val\u00e8ncia, igual\u00f3 el encuentro (2-2) con un remate al primer toque tras un saque de esquina botado por Raphael Dias &#8216;Raphinha&#8217;. Tambi\u00e9n apareci\u00f3 en la foto del tanto de la remontada del Bar\u00e7a (2-3) al intentar rematar con la cabeza el preciso centro de Lamine Yamal que acab\u00f3 con el gol en propia puerta de Unai Elgezabal.<\/p>\n<p class=\"mb-4 text-lg md:leading-8 break-words\">Ante el Getafe, anot\u00f3 los dos primeros goles de su equipo. En el primero, remat\u00f3 con solvencia una delicada asistencia de tac\u00f3n de Dani Olmo y en el segundo corri\u00f3 al espacio para superar a David Soria en el mano a mano.<\/p>\n<p class=\"mb-4 text-lg md:leading-8 break-words\">M\u00faltiples registros para un jugador que insiste p\u00fablicamente en que puede ser \u00abser titular en el Bar\u00e7a\u00bb, ya que aprovecha \u00abcada oportunidad\u00bb que le da Flick.<\/p>\n<p class=\"mb-4 text-lg md:leading-8 break-words\">(c) Agencia EFE<\/p>\n","protected":false},"excerpt":{"rendered":"Barcelona, 22 sep (EFE).- Con el doblete que firm\u00f3 este domingo frente al Getafe (3-0), el delantero Ferran&hellip;\n","protected":false},"author":2,"featured_media":132032,"comment_status":"","ping_status":"","sticky":false,"template":"","format":"standard","meta":{"footnotes":""},"categories":[93],"tags":[210,42193,168,995,25,24,23624,13723,3254,23,167],"class_list":{"0":"post-132031","1":"post","2":"type-post","3":"status-publish","4":"format-standard","5":"has-post-thumbnail","7":"category-deportes","8":"tag-barcelona","9":"tag-david-villa","10":"tag-deportes","11":"tag-efe","12":"tag-es","13":"tag-espana","14":"tag-ferran-torres","15":"tag-getafe","16":"tag-marcus-rashford","17":"tag-spain","18":"tag-sports"},"share_on_mastodon":{"url":"","error":""},"_links":{"self":[{"href":"https:\/\/www.europesays.com\/es\/wp-json\/wp\/v2\/posts\/132031","targetHints":{"allow":["GET"]}}],"collection":[{"href":"https:\/\/www.europesays.com\/es\/wp-json\/wp\/v2\/posts"}],"about":[{"href":"https:\/\/www.europesays.com\/es\/wp-json\/wp\/v2\/types\/post"}],"author":[{"embeddable":true,"href":"https:\/\/www.europesays.com\/es\/wp-json\/wp\/v2\/users\/2"}],"replies":[{"embeddable":true,"href":"https:\/\/www.europesays.com\/es\/wp-json\/wp\/v2\/comments?post=132031"}],"version-history":[{"count":0,"href":"https:\/\/www.europesays.com\/es\/wp-json\/wp\/v2\/posts\/132031\/revisions"}],"wp:featuredmedia":[{"embeddable":true,"href":"https:\/\/www.europesays.com\/es\/wp-json\/wp\/v2\/media\/132032"}],"wp:attachment":[{"href":"https:\/\/www.europesays.com\/es\/wp-json\/wp\/v2\/media?parent=132031"}],"wp:term":[{"taxonomy":"category","embeddable":true,"href":"https:\/\/www.europesays.com\/es\/wp-json\/wp\/v2\/categories?post=132031"},{"taxonomy":"post_tag","embeddable":true,"href":"https:\/\/www.europesays.com\/es\/wp-json\/wp\/v2\/tags?post=132031"}],"curies":[{"name":"wp","href":"https:\/\/api.w.org\/{rel}","templated":true}]}}