{"id":132043,"date":"2025-09-22T15:28:08","date_gmt":"2025-09-22T15:28:08","guid":{"rendered":"https:\/\/www.europesays.com\/es\/132043\/"},"modified":"2025-09-22T15:28:08","modified_gmt":"2025-09-22T15:28:08","slug":"ultima-hora-de-la-actualidad-politica-en-directo-sumar-y-erc-creen-que-podemos-se-equivoca-al-rechazar-la-cesion-de-competencias-de-inmigracion-a-cataluna-el-pais","status":"publish","type":"post","link":"https:\/\/www.europesays.com\/es\/132043\/","title":{"rendered":"\u00daltima hora de la actualidad pol\u00edtica, en directo | Sumar y ERC creen que Podemos se equivoca al rechazar la cesi\u00f3n de competencias de inmigraci\u00f3n a Catalu\u00f1a &#8211; EL PA\u00cdS"},"content":{"rendered":"<ol>\n<li><a href=\"https:\/\/news.google.com\/rss\/articles\/CBMilAFBVV95cUxPazFiSTZuODJDWGM1ZDVNZjlKZ1JDajAzTTlxa3Q1VHh2UUxwUFBaLVJET1VRVmNRTjVqTHVTLVp2UlJHVmxScE80RlViOVBnUVlqckhVanpUZWNHcmduMk82SVdyX1U4cGFYSHBvQm94MjhPb0hsUkRGaVROcmVoS2N1aTI1QXJaWUVHNUh5V1ZndDRU0gGoAUFVX3lxTFB2dzR0a2ZST3laT3RaMm5wY3RMUWthSjczbXFHX0c4Q1ZIcEhsekxvdDctbzFRX2NhSnN6YmFac29jcGNYc0cxYXNKdlRkckZCd3J2aVV2TVZ6ODlOLVJ1OFJMMzNfSE91ckt5aExFQ2tGZV9jOHhwMGFLM243U2tfdnFxOHk1VHV6cVdvSDNiQVJxbjlPMWc0cklEc1JLNEhiUzVBSV9OYw?oc=5\" target=\"_blank\" rel=\"nofollow noopener\">\u00daltima hora de la actualidad pol\u00edtica, en directo | Sumar y ERC creen que Podemos se equivoca al rechazar la cesi\u00f3n de competencias de inmigraci\u00f3n a Catalu\u00f1a<\/a>&nbsp;&nbsp;EL PA\u00cdS<\/li>\n<li><a href=\"https:\/\/news.google.com\/rss\/articles\/CBMiekFVX3lxTE5uQU1QM2lYaXZCREY3MW9wdEFMazJNZGRNcXV5TkxFaW5WTjk3ZEtETEZKUVJjV2Q3SkZVeml6R093U24tMFBYOTQ4NzYzRDdFbUVCdGhhSkt2cWJGOGEyR2l0Ylp3NGhmV0RwZFExcGQ2OHdRNVRGU3Zn0gF6QVVfeXFMUC03eF9Fc3FmZXZmczJxZmdHSkVoWko5YXVndTM5T0d5YXF2UHZkRF82TjI0RVBmM3NwTk9qb3JmeERvdDhoMDd5Yk54TGcwSHdwbkhMTDJLaDQ4MXZWS0xxV0hUUVF6cFBSS3VSUGxpcllIeF8yUlB6Wnc?oc=5\" target=\"_blank\" rel=\"nofollow noopener\">Diputados de Sumar estudian ahora romper la unidad de voto contra el pacto \u00abracista\u00bb en inmigraci\u00f3n de PSOE y Junts que tumbar\u00e1 Podemos<\/a>&nbsp;&nbsp;El Mundo<\/li>\n<li><a href=\"https:\/\/news.google.com\/rss\/articles\/CBMiwAFBVV95cUxOTUtlVGtGY2Vsa0lUQ0VUaHNTaUxWYjFFaHFoTW9RU3FWUjRKRGhCRmtlSEZlcnVDbTJSbDB5dmVaOXBYNXRPU3VRMkgtQjUtRlJseExDb3NXWEdkSzNJTl9qWEIycV9uQ29ETFpkX3I2QU92TGw0bER2dmNpVW85U3B6Z2huVzBaeGU5di1PN1FVaFlBOFdWRkJ1MmxpZzZpakhiOWhzX0otRHE3aVR5dnE1cG92dmRzdTVVLTc5OVQ?oc=5\" target=\"_blank\" rel=\"nofollow noopener\">Podemos mantiene su rechazo al traspaso de competencias de inmigraci\u00f3n a Catalu\u00f1a<\/a>&nbsp;&nbsp;EL PA\u00cdS<\/li>\n<li><a href=\"https:\/\/news.google.com\/rss\/articles\/CBMi0wFBVV95cUxNOUpmMWV2bkM5ZFNUWkFJR29MOVdFUU44MkV4VkllNlNadWE2em1ZVjJuUURGUlJwNGtPOE5DN0NMbEl6SlpJdEJDRlJiN3R0alFnOF9RX1VMWmpJaE9lUmVCLVo2bmVpRnlhLWZDYklaa0N4VG5xLVBJdnNGazF0bFJrY3VtOUN5SGxkXzZpWEt0S0U5Y2VoQnNldVg5U09aNE1tYnhrQ29LWk9KR1FwU3ZmdjROS2pUZVdVY0ZBY1Nzc292Mmp6RVl4ZzZXcHFlWGNR?oc=5\" target=\"_blank\" rel=\"nofollow noopener\">El PSOE se abre a volver a negociar las competencias migratorias prometidas a Junts que caer\u00e1 este martes en el Congreso<\/a>&nbsp;&nbsp;elDiario.es<\/li>\n<li><a href=\"https:\/\/news.google.com\/rss\/articles\/CBMiogFBVV95cUxPVDdrQzhfZ2ExeGNka0ZxUmQ4enFnWXVFb3R3a0hDaFRNRlBzM3pnZ0VISWZJc0pxajJmVlJ4LVZhOUJLSkFIUm9NQ3ZsZlpmZnFEWVlyVzl2S0VIZWlURXd1TTJQOVREdzFEOEJLVGJNWXN1OHllSlJlemhmX19JbFdXVF9pZXVZUW53RkpMM2pQelRXdTVsaE96UzYzSDhwcUHSAacBQVVfeXFMUGtLcmt1Zms0MnhEcFdnTk5wWXNBdHNNYWczQ2Rzdnc2WGFVd0JTRjV0b2J1YlVZU3N5NVFJQWpyOHRaNGk5SE00bGt6ODhYTHdOVllPVFZpZEd4RHU5ZG5pcUh4YlhPeVB5M01wVmFDWEI5SFp4Wm5KNy1BZFNkMG9fNjRUaHplamIzbjlVbU9vQzhvZjFfdkdiaFM0NGxEMFc5Y3k4MlE?oc=5\" target=\"_blank\" rel=\"nofollow noopener\">Competencias en inmigraci\u00f3n: \u00bfautogobierno o mercadeo con derechos?<\/a>&nbsp;&nbsp;Diario P\u00fablico<\/li>\n<\/ol>\n","protected":false},"excerpt":{"rendered":"\u00daltima hora de la actualidad pol\u00edtica, en directo | Sumar y ERC creen que Podemos se equivoca al&hellip;\n","protected":false},"author":2,"featured_media":132044,"comment_status":"","ping_status":"","sticky":false,"template":"","format":"standard","meta":{"footnotes":""},"categories":[8],"tags":[6069,17,18,4456,25,24,13,14,11,19,20,6910,9,10,15,16,957,2959,952,956,1699,6914,6912,23,4453,12,21,22,624,6911,4454],"class_list":{"0":"post-132043","1":"post","2":"type-post","3":"status-publish","4":"format-standard","5":"has-post-thumbnail","7":"category-espana","8":"tag-alberto-nunez-feijoo","9":"tag-breaking-news","10":"tag-breakingnews","11":"tag-congreso-diputados","12":"tag-es","13":"tag-espana","14":"tag-featured-news","15":"tag-featurednews","16":"tag-headlines","17":"tag-latest-news","18":"tag-latestnews","19":"tag-legislaturas-politicas","20":"tag-news","21":"tag-noticias","22":"tag-noticias-destacadas","23":"tag-noticiasdestacadas","24":"tag-partidos-politicos","25":"tag-pedro-sanchez","26":"tag-politica","27":"tag-pp","28":"tag-psoe","29":"tag-santiago-abascal","30":"tag-senado","31":"tag-spain","32":"tag-sumar","33":"tag-titulares","34":"tag-ultimas-noticias","35":"tag-ultimasnoticias","36":"tag-vox","37":"tag-xv-legislatura-espana","38":"tag-yolanda-diaz"},"share_on_mastodon":{"url":"","error":""},"_links":{"self":[{"href":"https:\/\/www.europesays.com\/es\/wp-json\/wp\/v2\/posts\/132043","targetHints":{"allow":["GET"]}}],"collection":[{"href":"https:\/\/www.europesays.com\/es\/wp-json\/wp\/v2\/posts"}],"about":[{"href":"https:\/\/www.europesays.com\/es\/wp-json\/wp\/v2\/types\/post"}],"author":[{"embeddable":true,"href":"https:\/\/www.europesays.com\/es\/wp-json\/wp\/v2\/users\/2"}],"replies":[{"embeddable":true,"href":"https:\/\/www.europesays.com\/es\/wp-json\/wp\/v2\/comments?post=132043"}],"version-history":[{"count":0,"href":"https:\/\/www.europesays.com\/es\/wp-json\/wp\/v2\/posts\/132043\/revisions"}],"wp:featuredmedia":[{"embeddable":true,"href":"https:\/\/www.europesays.com\/es\/wp-json\/wp\/v2\/media\/132044"}],"wp:attachment":[{"href":"https:\/\/www.europesays.com\/es\/wp-json\/wp\/v2\/media?parent=132043"}],"wp:term":[{"taxonomy":"category","embeddable":true,"href":"https:\/\/www.europesays.com\/es\/wp-json\/wp\/v2\/categories?post=132043"},{"taxonomy":"post_tag","embeddable":true,"href":"https:\/\/www.europesays.com\/es\/wp-json\/wp\/v2\/tags?post=132043"}],"curies":[{"name":"wp","href":"https:\/\/api.w.org\/{rel}","templated":true}]}}