{"id":132047,"date":"2025-09-22T15:35:09","date_gmt":"2025-09-22T15:35:09","guid":{"rendered":"https:\/\/www.europesays.com\/es\/132047\/"},"modified":"2025-09-22T15:35:09","modified_gmt":"2025-09-22T15:35:09","slug":"toros-cayetano-rivera-ordonez-torero-mediatico-pone-fin-a-una-comoda-e-irregular-carrera-en-los-ruedos-cultura","status":"publish","type":"post","link":"https:\/\/www.europesays.com\/es\/132047\/","title":{"rendered":"Toros: Cayetano Rivera Ord\u00f3\u00f1ez, torero medi\u00e1tico, pone fin a una c\u00f3moda e irregular carrera en los ruedos | Cultura"},"content":{"rendered":"<p class=\"\"><a href=\"https:\/\/elpais.com\/noticias\/cayetano-rivera-ordonez\/\" target=\"_self\" rel=\"nofollow noopener\" title=\"https:\/\/elpais.com\/noticias\/cayetano-rivera-ordonez\/\">Cayetano Rivera Ord\u00f3\u00f1ez<\/a> (Madrid, 48 a\u00f1os), 19 de ellos como matador de toros; hijo, nieto, bisnieto y hermano de toreros, \u00faltimo eslab\u00f3n de una muy prestigiosa dinast\u00eda taurina, ha anunciado que abandona los ruedos.<\/p>\n<p class=\"\">Y lo ha hecho de manera lac\u00f3nica, con la palabra \u201cfin\u201d (un gui\u00f1o, quiz\u00e1, a sus estudios de cine) en la red social X tras salir a hombros el pasado s\u00e1bado de la plaza sevillana de \u00c9cija.<\/p>\n<p class=\"\">Se cierra as\u00ed, al menos de momento, la historia de un linaje vestido de luces que inici\u00f3 su bisabuelo Cayetano Ord\u00f3\u00f1ez, continu\u00f3 su abuelo <a href=\"https:\/\/elpais.com\/diario\/1998\/12\/20\/cultura\/914108401_850215.html\" target=\"_self\" rel=\"nofollow noopener\" title=\"https:\/\/elpais.com\/diario\/1998\/12\/20\/cultura\/914108401_850215.html\">Antonio Ordo\u00f1ez<\/a>, su padre, <a href=\"https:\/\/elpais.com\/diario\/1984\/09\/27\/portada\/465084002_850215.html\" target=\"_self\" rel=\"nofollow noopener\" title=\"https:\/\/elpais.com\/diario\/1984\/09\/27\/portada\/465084002_850215.html\">Paquirri<\/a>; continu\u00f3 su hermano Francisco y \u00e9l culmina ahora. Hace 100 a\u00f1os que el creador de la dinast\u00eda tom\u00f3 la alternativa en Sevilla de manos de Juan Belmonte, y se cumplen 20 desde que el torero que ahora dice adi\u00f3s debut\u00f3 como novillero en la plaza de Ronda, noticia que sorprendi\u00f3 entonces por la edad del aspirante, 28 a\u00f1os, y colm\u00f3 de expectativas a la prensa del coraz\u00f3n.<\/p>\n<p class=\"\">Se va Cayetano y no se le echar\u00e1 de menos en los ruedos. La suya ha sido una carrera respetable (digno del m\u00e1ximo reconocimiento es todo aquel que se viste de luces), pero dise\u00f1ada desde una zona de confort que ya quisiera todo el que sue\u00f1a con ser figura. Muy c\u00f3moda desde sus inicios como novillero y elitista como matador, siempre con el amparo y el m\u00e1ximo respaldo de <a href=\"https:\/\/elpais.com\/noticias\/curro-vazquez\/\" target=\"_self\" rel=\"nofollow noopener\" title=\"https:\/\/elpais.com\/noticias\/curro-vazquez\/\">Curro V\u00e1zquez<\/a>, esposo de Pati Domingu\u00edn, prima de Carmen Ord\u00f3\u00f1ez, madre de Cayetano; irregular tambi\u00e9n ha sido la trayectoria de un torero mimado, apasionado, vehemente, impetuoso y amante de la pol\u00e9mica dentro y fuera del traje de luces, que no ha alcanzado la vitola de figura porque no le sobraban condiciones para ello y no ha dado nunca el salto exigible para alcanzar tan ansiado reconocimiento.<\/p>\n<p class=\"\">Es cierto, no obstante, que Cayetano no ha tenido la despedida que merece todo torero. Comenz\u00f3 la temporada de 2025 con pocos contratos en la agenda, no estuvo anunciado en ferias importantes (se desconoce si por decisi\u00f3n propia) m\u00e1s que en la de Abril de Sevilla, y esa tarde no tuvo suerte con los toros de El Parralejo.<\/p>\n<p class=\"\">Despu\u00e9s, en julio sufri\u00f3 una lesi\u00f3n en un tentadero y no pudo acudir a Santander, Ciudad Real y M\u00e1laga; y por si fuera poco, unos d\u00edas antes, el 29 de junio, hab\u00eda protagonizado <a href=\"https:\/\/elpais.com\/espana\/madrid\/2025-07-01\/cayetano-rivera-ordonez-en-ningun-momento-he-protagonizado-ningun-acto-de-agresion-hacia-agentes-de-la-autoridad.html\" target=\"_self\" rel=\"nofollow noopener\" title=\"https:\/\/elpais.com\/espana\/madrid\/2025-07-01\/cayetano-rivera-ordonez-en-ningun-momento-he-protagonizado-ningun-acto-de-agresion-hacia-agentes-de-la-autoridad.html\">un altercado en una hamburgueser\u00eda<\/a> de la madrile\u00f1a calle Atocha que motiv\u00f3 que los responsables del local avisaran a la polic\u00eda. Al parecer, Rivera Ord\u00f3\u00f1ez mantuvo una actitud desafiante con los representantes de la autoridad, hasta el punto de que se vieron obligados a ponerle las esposas y trasladarlo a la comisar\u00eda de Centro, donde pas\u00f3 la noche. El asunto est\u00e1 pendiente de juicio.<\/p>\n<p class=\"\">En fin, que por unas u otras circunstancias, la despedida de Cayetano no ha sido la so\u00f1ada por quien se viste de luces. Dicen los cronistas no taurinos que ha dicho adi\u00f3s en soledad, con la \u00fanica compa\u00f1\u00eda de su hijo, que tuvo en com\u00fan con la modelo y presentadora televisiva Eva Gonz\u00e1lez. Lo que no dicen es que ha sido en una plaza de tercera, en silencio, sin gratitud alguna\u2026<\/p>\n<p class=\"\">De todos modos, no es la primera vez que Cayetano Rivera anuncia que se retira de los ruedos. Ya lo hizo en 2012, en 2024 y <a href=\"https:\/\/elpais.com\/cultura\/2024-12-01\/cayetano-rivera-ordonez-anuncia-que-se-retira-del-toreo-en-2025.html\" target=\"_self\" rel=\"nofollow noopener\" title=\"https:\/\/elpais.com\/cultura\/2024-12-01\/cayetano-rivera-ordonez-anuncia-que-se-retira-del-toreo-en-2025.html\">en diciembre de ese mismo a\u00f1o<\/a> vaticin\u00f3 que lo har\u00eda de manera definitiva en 2025, con ocasi\u00f3n del centenario del inicio de la dinast\u00eda familiar.<\/p>\n<p><img decoding=\"auto\" class=\"_re lazyload a_m-v\" height=\"564\"  width=\"414\"  src=\"https:\/\/www.europesays.com\/es\/wp-content\/uploads\/2025\/09\/I2P76X3GHR4VF7HTYPC75ULRLU.jpg\" loading=\"lazy\"\/>Cayetano Rivera Ord\u00f3\u00f1ez, como modelo en un desfile de moda. ASSOCIATED PRESS<\/p>\n<p class=\"\">Pero, \u00bfqui\u00e9n es Cayetano Rivera Ord\u00f3\u00f1ez?<\/p>\n<p class=\"\">Quiz\u00e1, una v\u00edctima de su propia historia.<\/p>\n<p class=\"\">Fue popular desde la cuna, hijo de un torero famoso, Francisco Rivera, Paquirri, y <a href=\"https:\/\/elpais.com\/gente\/2024-07-21\/20-anos-de-la-muerte-de-carmina-ordonez-cronica-de-la-caida-de-la-divina.html\" target=\"_self\" rel=\"nofollow noopener\" title=\"https:\/\/elpais.com\/gente\/2024-07-21\/20-anos-de-la-muerte-de-carmina-ordonez-cronica-de-la-caida-de-la-divina.html\">Carmina Ord\u00f3\u00f1ez<\/a>, referente m\u00e1ximo de la vida social e hija de Antonio, uno de los grandes toreros de la historia.<\/p>\n<p class=\"\">En octubre de 2001 se cas\u00f3 con <a href=\"https:\/\/elpais.com\/smoda\/2023-12-24\/blanca-romero-la-vida-me-obligo-a-trabajar-de-nuevo-si-no-jamas-habria-ido-a-masterchef.html\" target=\"_self\" rel=\"nofollow noopener\" title=\"https:\/\/elpais.com\/smoda\/2023-12-24\/blanca-romero-la-vida-me-obligo-a-trabajar-de-nuevo-si-no-jamas-habria-ido-a-masterchef.html\">Blanca Romero<\/a>, estudi\u00f3 cine en Estados Unidos y, contra todo pron\u00f3stico, anunci\u00f3 su debut vestido de luces el 26 de marzo de 2005 en la plaza de Ronda, localidad de donde procede su familia.<\/p>\n<p class=\"\">Simultane\u00f3 como mejor pudo su dedicaci\u00f3n a la nada f\u00e1cil profesi\u00f3n de torero con su condici\u00f3n de protagonista del cotilleo nacional, y su atractivo personal le permiti\u00f3, adem\u00e1s, ser figura (esta vez, s\u00ed) como modelo de alta costura. Se convirti\u00f3 en hombre Armani, lo que le permiti\u00f3 hacer el pase\u00edllo con dise\u00f1os exclusivos del artista italiano y lucir palmito en los anuncios de las paradas de los autobuses urbanos.<\/p>\n<p class=\"\">Qui\u00e9n sabe si esa dedicaci\u00f3n, tan alejada del toro, y su propio car\u00e1cter, impetuoso a veces y proclive a la pol\u00e9mica, han podido influir en que su carrera no haya alcanzado la meta deseada.<\/p>\n<p class=\"\">A pesar de que sus a\u00f1os de matador han transcurrido entre algodones y con exigencias impropias de su categor\u00eda (para algo debe servir ser tan popular), Cayetano Rivera ha sido un torero valiente, muy castigado por los toros y empe\u00f1ado siempre en dejar alto el nombre de su familia.<\/p>\n<p class=\"\">Cayetano merec\u00eda una despedida m\u00e1s c\u00e1lida; como todo h\u00e9roe que se viste de luces\u2026<\/p>\n","protected":false},"excerpt":{"rendered":"Cayetano Rivera Ord\u00f3\u00f1ez (Madrid, 48 a\u00f1os), 19 de ellos como matador de toros; hijo, nieto, bisnieto y hermano&hellip;\n","protected":false},"author":2,"featured_media":132048,"comment_status":"","ping_status":"","sticky":false,"template":"","format":"standard","meta":{"footnotes":""},"categories":[277],"tags":[42196,373,42195,1394,209,168,25,24,256,42197,42194,23,167,374,2487,444],"class_list":{"0":"post-132047","1":"post","2":"type-post","3":"status-publish","4":"format-standard","5":"has-post-thumbnail","7":"category-toreo","8":"tag-antonio-ordonez","9":"tag-bullfighting","10":"tag-carmina-ordonez","11":"tag-cayetano-rivera-ordonez","12":"tag-cultura","13":"tag-deportes","14":"tag-es","15":"tag-espana","16":"tag-famosos","17":"tag-francisco-rivera-ordonez","18":"tag-francisco-rivera-paquirri","19":"tag-spain","20":"tag-sports","21":"tag-toreo","22":"tag-toreros","23":"tag-toros"},"share_on_mastodon":{"url":"","error":""},"_links":{"self":[{"href":"https:\/\/www.europesays.com\/es\/wp-json\/wp\/v2\/posts\/132047","targetHints":{"allow":["GET"]}}],"collection":[{"href":"https:\/\/www.europesays.com\/es\/wp-json\/wp\/v2\/posts"}],"about":[{"href":"https:\/\/www.europesays.com\/es\/wp-json\/wp\/v2\/types\/post"}],"author":[{"embeddable":true,"href":"https:\/\/www.europesays.com\/es\/wp-json\/wp\/v2\/users\/2"}],"replies":[{"embeddable":true,"href":"https:\/\/www.europesays.com\/es\/wp-json\/wp\/v2\/comments?post=132047"}],"version-history":[{"count":0,"href":"https:\/\/www.europesays.com\/es\/wp-json\/wp\/v2\/posts\/132047\/revisions"}],"wp:featuredmedia":[{"embeddable":true,"href":"https:\/\/www.europesays.com\/es\/wp-json\/wp\/v2\/media\/132048"}],"wp:attachment":[{"href":"https:\/\/www.europesays.com\/es\/wp-json\/wp\/v2\/media?parent=132047"}],"wp:term":[{"taxonomy":"category","embeddable":true,"href":"https:\/\/www.europesays.com\/es\/wp-json\/wp\/v2\/categories?post=132047"},{"taxonomy":"post_tag","embeddable":true,"href":"https:\/\/www.europesays.com\/es\/wp-json\/wp\/v2\/tags?post=132047"}],"curies":[{"name":"wp","href":"https:\/\/api.w.org\/{rel}","templated":true}]}}