{"id":132049,"date":"2025-09-22T15:37:21","date_gmt":"2025-09-22T15:37:21","guid":{"rendered":"https:\/\/www.europesays.com\/es\/132049\/"},"modified":"2025-09-22T15:37:21","modified_gmt":"2025-09-22T15:37:21","slug":"la-copa-osde-convoco-a-130-golfistas-y-dejo-buenas-marcas-en-los-canales-y-el-comahue","status":"publish","type":"post","link":"https:\/\/www.europesays.com\/es\/132049\/","title":{"rendered":"La Copa Osde convoc\u00f3 a 130 golfistas y dej\u00f3 buenas marcas en Los Canales y el Comahue"},"content":{"rendered":"<p><strong>La Copa Osde empez\u00f3 en Los Canales de Plottier, termin\u00f3 en el Comahue Golf Club y entreg\u00f3 buenas marcas de los aficionados locales.<\/strong> Fueron 130 los participantes y <strong>en las divisiones m\u00e1s altas festejaron Evangelina Absi y Nicol\u00e1s Caballero<\/strong>, ambos por cinco impactos de diferencia. <\/p>\n<p>        <a href=\"https:\/\/www.rionegro.com.ar\/deportes\/inaki-basiloff-tuvo-otra-actuacion-historica-y-se-corono-campeon-mundial-en-singapur-4307665\/\" title=\"I\u00f1aki Basiloff tuvo otra actuaci\u00f3n hist\u00f3rica y se coron\u00f3 campe\u00f3n mundial en Singapur\" class=\"recomendation__link\" rel=\"nofollow noopener\" target=\"_blank\"><br \/>\n            <img decoding=\"async\" src=\"https:\/\/www.europesays.com\/es\/wp-content\/uploads\/2025\/09\/WhatsApp-Image-2025-09-21-at-15.44.55-e1758480728911.jpeg\" alt=\"Imagen de I\u00f1aki Basiloff tuvo otra actuaci\u00f3n hist\u00f3rica y se coron\u00f3 campe\u00f3n mundial en Singapur\" loading=\"lazy\"\/><br \/>\n                    <\/a><\/p>\n<p>Los primeros 18 hoyos se jugaron en la cancha m\u00e1s nueva del Alto Valle y ah\u00ed asomaron los candidatos. La historia sigui\u00f3 en Colonia Valentina Norte, donde se cerr\u00f3 la competencia y se arm\u00f3 el cuadro de vencedores. <strong>Alejandro Amorosi hizo combo completo porque tambi\u00e9n se qued\u00f3 con la Copa Osde (por golpes netos), mientras que Julio Vidal y Mar\u00eda Cecilia Campusano armaron el quinteto de vencedores<\/strong>, en el c\u00f3mputo de las dos jornadas.<\/p>\n<p><img fetchpriority=\"high\" decoding=\"async\" height=\"720\" width=\"1080\" src=\"https:\/\/www.europesays.com\/es\/wp-content\/uploads\/2025\/09\/IMG_6689.jpg\" alt=\"\" class=\"wp-image-4308155\" style=\"width:530px;height:auto\"  \/><\/p>\n<p>La ventaja m\u00e1s corta, precisamente, se dio en la divisi\u00f3n de alto handicap de caballeros, donde <strong>Vidal (147) le sac\u00f3 un impacto a N\u00e9stor Mart\u00edn (148), que a su vez super\u00f3 por otro golpe a N\u00e9stor Silombra (149).<\/strong><\/p>\n<p><img loading=\"lazy\" decoding=\"async\" height=\"720\" width=\"1081\" src=\"https:\/\/www.europesays.com\/es\/wp-content\/uploads\/2025\/09\/WhatsApp-Image-2025-09-21-at-19.46.46.jpeg\" alt=\"\" class=\"wp-image-4308143\" style=\"width:664px;height:auto\"  \/>El tiempo acompa\u00f1\u00f3 en el cierre del torneo. <\/p>\n<p>Los mejores de las cinco categor\u00edas<\/p>\n<p><strong>3-12 de handicap<\/strong><\/p>\n<p><strong>Nicol\u00e1s Caballero (6 de handicap), 146 golpes<\/strong><br \/>Gustavo S\u00e1nchez (9), 151<br \/>Manuel Jadra (11), 152<br \/>Jos\u00e9 De la Vega (4), 153<br \/>Augusto Pereini (6), 153<\/p>\n<p><strong>15-24<\/strong><br \/><strong>Alejandro Amorosi (21), 139 golpes<\/strong><br \/>Oscar Gonz\u00e1lez (16), 141<br \/>Carlos Queipo (22), 142<\/p>\n<p><strong>25-54<br \/>Julio Vidal (26), 147 golpes<\/strong><br \/>N\u00e9stor Mart\u00edn (24), 148<br \/>N\u00e9stor Silombra (29), 149<\/p>\n<p><img loading=\"lazy\" decoding=\"async\" height=\"720\" width=\"1081\" src=\"https:\/\/www.europesays.com\/es\/wp-content\/uploads\/2025\/09\/WhatsApp-Image-2025-09-21-at-19.46.56.jpeg\" alt=\"\" class=\"wp-image-4308145\" style=\"width:732px;height:auto\"  \/>La Copa Osde tuvo dos categor\u00edas para la rama femenina.<\/p>\n<p><strong>8-22<br \/>Evangelina Absi (17), 142<\/strong> <strong>golpes<\/strong><br \/>Emilia Absi (13), 147<br \/>Maria Fernanda Herrera (22), 159<\/p>\n<p><strong>23-54<br \/>Mar\u00eda Cecilia Campusano (43), 142 golpes<\/strong><br \/>Marina Blay (27), 144<br \/>Roxana Brida (36), 149<\/p>\n<p><img loading=\"lazy\" decoding=\"async\" height=\"720\" width=\"1081\" src=\"https:\/\/www.europesays.com\/es\/wp-content\/uploads\/2025\/09\/WhatsApp-Image-2025-09-21-at-19.46.53.jpeg\" alt=\"\" class=\"wp-image-4308147\" style=\"width:742px;height:auto\"  \/><br \/>\n\t\t\t\t\t\t\t\t\t<br class=\"clear\"\/><\/p>\n","protected":false},"excerpt":{"rendered":"La Copa Osde empez\u00f3 en Los Canales de Plottier, termin\u00f3 en el Comahue Golf Club y entreg\u00f3 buenas&hellip;\n","protected":false},"author":2,"featured_media":132050,"comment_status":"","ping_status":"","sticky":false,"template":"","format":"standard","meta":{"footnotes":""},"categories":[275],"tags":[42198,168,25,24,329,42199,22576,23,167],"class_list":{"0":"post-132049","1":"post","2":"type-post","3":"status-publish","4":"format-standard","5":"has-post-thumbnail","7":"category-golf","8":"tag-comahue-golf-club","9":"tag-deportes","10":"tag-es","11":"tag-espana","12":"tag-golf","13":"tag-los-canales","14":"tag-me-actualiza","15":"tag-spain","16":"tag-sports"},"share_on_mastodon":{"url":"","error":""},"_links":{"self":[{"href":"https:\/\/www.europesays.com\/es\/wp-json\/wp\/v2\/posts\/132049","targetHints":{"allow":["GET"]}}],"collection":[{"href":"https:\/\/www.europesays.com\/es\/wp-json\/wp\/v2\/posts"}],"about":[{"href":"https:\/\/www.europesays.com\/es\/wp-json\/wp\/v2\/types\/post"}],"author":[{"embeddable":true,"href":"https:\/\/www.europesays.com\/es\/wp-json\/wp\/v2\/users\/2"}],"replies":[{"embeddable":true,"href":"https:\/\/www.europesays.com\/es\/wp-json\/wp\/v2\/comments?post=132049"}],"version-history":[{"count":0,"href":"https:\/\/www.europesays.com\/es\/wp-json\/wp\/v2\/posts\/132049\/revisions"}],"wp:featuredmedia":[{"embeddable":true,"href":"https:\/\/www.europesays.com\/es\/wp-json\/wp\/v2\/media\/132050"}],"wp:attachment":[{"href":"https:\/\/www.europesays.com\/es\/wp-json\/wp\/v2\/media?parent=132049"}],"wp:term":[{"taxonomy":"category","embeddable":true,"href":"https:\/\/www.europesays.com\/es\/wp-json\/wp\/v2\/categories?post=132049"},{"taxonomy":"post_tag","embeddable":true,"href":"https:\/\/www.europesays.com\/es\/wp-json\/wp\/v2\/tags?post=132049"}],"curies":[{"name":"wp","href":"https:\/\/api.w.org\/{rel}","templated":true}]}}