{"id":132051,"date":"2025-09-22T15:40:12","date_gmt":"2025-09-22T15:40:12","guid":{"rendered":"https:\/\/www.europesays.com\/es\/132051\/"},"modified":"2025-09-22T15:40:12","modified_gmt":"2025-09-22T15:40:12","slug":"horario-y-donde-ver-por-tv-y-online-con-alonso-y-sainz-en-baku","status":"publish","type":"post","link":"https:\/\/www.europesays.com\/es\/132051\/","title":{"rendered":"horario y d\u00f3nde ver por TV y online con Alonso y Sainz en Bak\u00fa"},"content":{"rendered":"<p class=\"ft-text\">El <strong>Gran Premio de Azerbaiy\u00e1n<\/strong>, decimos\u00e9ptima cita del Mundial de <a class=\"ft-link ft-link--decoration\" href=\"https:\/\/www.sport.es\/es\/motor\/formula1\/\" rel=\"nofollow noopener\" target=\"_blank\">F\u00f3rmula 1<\/a> 2025, cierra el tel\u00f3n hoy domingo 21 de septiembre con la disputa de la tradicional carrera del domingo. Te contamos a qu\u00e9 hora empieza la carrera y d\u00f3nde ver el GP de Azerbaiy\u00e1n de F1 por televisi\u00f3n y online en Espa\u00f1a.<\/p>\n<p class=\"ft-text\">La primera toma de contacto de los pilotos con el ic\u00f3nico circuito urbano de <strong>Bak\u00fa <\/strong>tuvo lugar el viernes 19 de septiembre con la disputa de los <strong>entrenamientos libres 1<\/strong> y <strong>2<\/strong>, en los que Ferrari fue el gran dominador. La escuder\u00eda italiana no pudo mantener esta buena din\u00e1mica en la \u00faltima tanda no puntuable, en la que Lando Norris fue el m\u00e1s r\u00e1pido.<\/p>\n<p class=\"ft-text\">En la accidentada &#8216;qualy&#8217; del s\u00e1bado, interrumpida en diferentes ocasiones con <strong>Leclerc<\/strong>, <strong>Hamilton <\/strong>o <strong>Piastri <\/strong>como desafortunados protagonistas, <strong>Carlos Sainz<\/strong> fue el gran triunfador. El de McLaren partir\u00e1 desde una muy meritoria segunda posici\u00f3n, mientras que <strong>Fernando Alonso<\/strong> no super\u00f3 el segundo corte.<\/p>\n<p class=\"ft-text\"><strong>Oscar Piastri <\/strong>afronta la carrera del domingo en <strong>Azerbaiy\u00e1n<\/strong> como l\u00edder de la <a href=\"https:\/\/www.sport.es\/es\/motor\/formula1\/clasificacion\/\" class=\"ft-link ft-link--decoration\" rel=\"nofollow noopener\" target=\"_blank\">clasificaci\u00f3n general<\/a> del Mundial de F\u00f3rmula 1 gracias a los 324 puntos acumulados hasta la fecha. Al de McLaren le siguen en el podio provisional su compa\u00f1ero de equipo <strong>Lando Norris, <\/strong>segundo con<strong> <\/strong>293, y <strong>Max Verstappen,<\/strong> tercero con 230 unidades.<\/p>\n<p class=\"ft-text\">Respecto a los representantes espa\u00f1oles, <a class=\"ft-link ft-link--decoration\" href=\"https:\/\/www.sport.es\/es\/temas\/fernando-alonso-43760\" rel=\"nofollow noopener\" target=\"_blank\"><strong>Fernando Alonso<\/strong><\/a> afronta este Gran Premio con ganas de reivindicarse tras verse obligado a abandonar en Monza. A pesar de no poder puntuar, el de Aston Martin sigue afincado en la 12\u00aa posici\u00f3n con 30 puntos, mientras que <strong>Carlos Sainz<\/strong> es decimosexto con apenas 16 unidades.<\/p>\n<p>\u00bfC\u00f3mo est\u00e1 la clasificaci\u00f3n del Mundial de F1 antes del GP de Azerbaiy\u00e1n?\u00bfA qu\u00e9 hora es la carrera del GP de F1 de Azerbaiy\u00e1n hoy?<\/p>\n<p class=\"ft-text\">La carrera del GP de Azerbaiy\u00e1n de F\u00f3rmula 1, que pondr\u00e1 el broche al fin de semana en Bak\u00fa, tendr\u00e1 lugar hoy <strong>domingo 21 de septiembre <\/strong>a las <strong>13:00 horas (CET)<\/strong>.<\/p>\n<p>\u00bfD\u00f3nde ver la carrera del GP de Azerbaiy\u00e1n de F\u00f3rmula 1 2025 hoy por TV y online en Espa\u00f1a?<\/p>\n<p class=\"ft-text\">La carrera del Gran Premio de Azerbaiy\u00e1n de F\u00f3rmula 1 se podr\u00e1 seguir a trav\u00e9s de la plataforma de <strong>DAZN F1<\/strong>, que tiene los derechos de retransmisi\u00f3n de la F1 en Espa\u00f1a, aunque tambi\u00e9n es posible siendo abonado al contenido de motor de <strong>Movistar +<\/strong>.<\/p>\n<p class=\"ft-text\">Desde <strong>SPORT<\/strong>, te contamos todo lo que suceda en este Gran Premio con nuestras narraciones <a class=\"ft-link ft-link--decoration\" href=\"https:\/\/www.sport.es\/es\/motor\/formula1\/en-directo\/\" rel=\"nofollow noopener\" target=\"_blank\">en directo<\/a> de entrenamientos, clasificaciones y carreras, as\u00ed como las cr\u00f3nicas y las reacciones de los protagonistas una vez finalicen los mismos.<\/p>\n","protected":false},"excerpt":{"rendered":"El Gran Premio de Azerbaiy\u00e1n, decimos\u00e9ptima cita del Mundial de F\u00f3rmula 1 2025, cierra el tel\u00f3n hoy domingo&hellip;\n","protected":false},"author":2,"featured_media":132052,"comment_status":"","ping_status":"","sticky":false,"template":"","format":"standard","meta":{"footnotes":""},"categories":[270],"tags":[3732,17707,4860,168,25,24,306,271,272,3170,4074,3731,23,167,214],"class_list":{"0":"post-132051","1":"post","2":"type-post","3":"status-publish","4":"format-standard","5":"has-post-thumbnail","7":"category-formula-1","8":"tag-alonso","9":"tag-azerbaiyan","10":"tag-carrera","11":"tag-deportes","12":"tag-es","13":"tag-espana","14":"tag-f1","15":"tag-formula-1","16":"tag-formula1","17":"tag-gp","18":"tag-horarios","19":"tag-sainz","20":"tag-spain","21":"tag-sports","22":"tag-tv"},"share_on_mastodon":{"url":"","error":""},"_links":{"self":[{"href":"https:\/\/www.europesays.com\/es\/wp-json\/wp\/v2\/posts\/132051","targetHints":{"allow":["GET"]}}],"collection":[{"href":"https:\/\/www.europesays.com\/es\/wp-json\/wp\/v2\/posts"}],"about":[{"href":"https:\/\/www.europesays.com\/es\/wp-json\/wp\/v2\/types\/post"}],"author":[{"embeddable":true,"href":"https:\/\/www.europesays.com\/es\/wp-json\/wp\/v2\/users\/2"}],"replies":[{"embeddable":true,"href":"https:\/\/www.europesays.com\/es\/wp-json\/wp\/v2\/comments?post=132051"}],"version-history":[{"count":0,"href":"https:\/\/www.europesays.com\/es\/wp-json\/wp\/v2\/posts\/132051\/revisions"}],"wp:featuredmedia":[{"embeddable":true,"href":"https:\/\/www.europesays.com\/es\/wp-json\/wp\/v2\/media\/132052"}],"wp:attachment":[{"href":"https:\/\/www.europesays.com\/es\/wp-json\/wp\/v2\/media?parent=132051"}],"wp:term":[{"taxonomy":"category","embeddable":true,"href":"https:\/\/www.europesays.com\/es\/wp-json\/wp\/v2\/categories?post=132051"},{"taxonomy":"post_tag","embeddable":true,"href":"https:\/\/www.europesays.com\/es\/wp-json\/wp\/v2\/tags?post=132051"}],"curies":[{"name":"wp","href":"https:\/\/api.w.org\/{rel}","templated":true}]}}