{"id":132057,"date":"2025-09-22T15:44:15","date_gmt":"2025-09-22T15:44:15","guid":{"rendered":"https:\/\/www.europesays.com\/es\/132057\/"},"modified":"2025-09-22T15:44:15","modified_gmt":"2025-09-22T15:44:15","slug":"antonio-lopez-es-un-sueno-que-las-obras-esten-en-la-calle","status":"publish","type":"post","link":"https:\/\/www.europesays.com\/es\/132057\/","title":{"rendered":"Antonio L\u00f3pez: \u00abEs un sue\u00f1o que las obras est\u00e9n en la calle\u00bb"},"content":{"rendered":"<p>El artista tomellosero Antonio L\u00f3pez, autor junto a Andr\u00e9s Ib\u00e1\u00f1ez de la escultura en bronce de Francisco de Goya inaugurada este s\u00e1bado en Fuendetodos (Zaragoza), ha destacado la emoci\u00f3n que supone ver la obra instalada frente a la casa natal del pintor aragon\u00e9s y ha reconocido que \u00abes un sue\u00f1o que las obras est\u00e9n en la calle\u00bb.<\/p>\n<p>\u00abHa sido muy bonito este homenaje en Fuendetodos\u00bb, ha afirmado L\u00f3pez, quien ha explicado, en declaraciones a los medios, que le parece \u00abmuy emocionante\u00bb que la escultura de Goya \u00abest\u00e9 al lado de su casa, el lugar en el que naci\u00f3\u00bb.<\/p>\n<p>El artista, natural de Tomelloso (Ciudad Real), ha insistido en que es \u00abun sue\u00f1o que las obras est\u00e9n en la calle\u00bb. \u00abEso con la pintura no es posible, s\u00ed es posible con la escultura, y si es buena -ha a\u00f1adido- es un regalo para el pueblo\u00bb. \u00abMe parece que es conquistar un espacio que se hab\u00eda perdido; en la antig\u00fcedad, todo estaba a la vista del pueblo\u00bb, ha subrayado.<\/p>\n<p>Ha explicado adem\u00e1s que trabajar junto a Ib\u00e1\u00f1ez no ha sido un proceso complicado, porque \u00abGoya se hizo unos autorretratos fenomenales\u00bb y encontraron como modelo al cantante y actor Augusto Gonz\u00e1lez, \u00abun Goya vivo\u00bb.<\/p>\n<p>En ese aspecto, L\u00f3pez ha reconocido que otra de las obras en la que ha trabajado con Ib\u00e1\u00f1ez, las esculturas de los reyes Felipe y Letizia, result\u00f3 m\u00e1s complicada.<\/p>\n<p>L\u00f3pez e Ib\u00e1\u00f1ez han sido nombrados tambi\u00e9n Majos de Honor en la jornada que coincide con las fiestas Goyescas que se celebran cada a\u00f1o en el municipio.<\/p>\n","protected":false},"excerpt":{"rendered":"El artista tomellosero Antonio L\u00f3pez, autor junto a Andr\u00e9s Ib\u00e1\u00f1ez de la escultura en bronce de Francisco de&hellip;\n","protected":false},"author":2,"featured_media":132058,"comment_status":"","ping_status":"","sticky":false,"template":"","format":"standard","meta":{"footnotes":""},"categories":[173],"tags":[40876,229,233,231,230,1940,232,234,146,147,25,24,23,3466,3022,491],"class_list":{"0":"post-132057","1":"post","2":"type-post","3":"status-publish","4":"format-standard","5":"has-post-thumbnail","7":"category-arte-y-diseno","8":"tag-antonio-lopez","9":"tag-arte","10":"tag-arte-y-diseno","11":"tag-arts","12":"tag-arts-and-design","13":"tag-ciudad-real","14":"tag-design","15":"tag-diseno","16":"tag-entertainment","17":"tag-entretenimiento","18":"tag-es","19":"tag-espana","20":"tag-spain","21":"tag-sueno","22":"tag-tomelloso","23":"tag-zaragoza"},"share_on_mastodon":{"url":"","error":""},"_links":{"self":[{"href":"https:\/\/www.europesays.com\/es\/wp-json\/wp\/v2\/posts\/132057","targetHints":{"allow":["GET"]}}],"collection":[{"href":"https:\/\/www.europesays.com\/es\/wp-json\/wp\/v2\/posts"}],"about":[{"href":"https:\/\/www.europesays.com\/es\/wp-json\/wp\/v2\/types\/post"}],"author":[{"embeddable":true,"href":"https:\/\/www.europesays.com\/es\/wp-json\/wp\/v2\/users\/2"}],"replies":[{"embeddable":true,"href":"https:\/\/www.europesays.com\/es\/wp-json\/wp\/v2\/comments?post=132057"}],"version-history":[{"count":0,"href":"https:\/\/www.europesays.com\/es\/wp-json\/wp\/v2\/posts\/132057\/revisions"}],"wp:featuredmedia":[{"embeddable":true,"href":"https:\/\/www.europesays.com\/es\/wp-json\/wp\/v2\/media\/132058"}],"wp:attachment":[{"href":"https:\/\/www.europesays.com\/es\/wp-json\/wp\/v2\/media?parent=132057"}],"wp:term":[{"taxonomy":"category","embeddable":true,"href":"https:\/\/www.europesays.com\/es\/wp-json\/wp\/v2\/categories?post=132057"},{"taxonomy":"post_tag","embeddable":true,"href":"https:\/\/www.europesays.com\/es\/wp-json\/wp\/v2\/tags?post=132057"}],"curies":[{"name":"wp","href":"https:\/\/api.w.org\/{rel}","templated":true}]}}