{"id":132061,"date":"2025-09-22T15:46:06","date_gmt":"2025-09-22T15:46:06","guid":{"rendered":"https:\/\/www.europesays.com\/es\/132061\/"},"modified":"2025-09-22T15:46:06","modified_gmt":"2025-09-22T15:46:06","slug":"chenoa-es-muy-chenoa-para-responder-a-lo-mas-impertinente-que-se-ha-encontrado-al-ir-a-eventos","status":"publish","type":"post","link":"https:\/\/www.europesays.com\/es\/132061\/","title":{"rendered":"Chenoa es muy Chenoa para responder a lo m\u00e1s impertinente que se ha encontrado al ir a eventos"},"content":{"rendered":"<p>La cantante Chenoa, que regresa a <a href=\"https:\/\/www.huffingtonpost.es\/virales\/monica-garcia-reacciona-tuit-operacion-triunfo-le-contestan-academia-cruzar-pasarela.html\" rel=\"nofollow noopener\" target=\"_blank\">Operaci\u00f3n Triunfo<\/a> como presentadora de la nueva edici\u00f3n del talent en Primer V\u00eddeo, es la protagonista de una entrevista este lunes en la contra de <a href=\"https:\/\/www.elmundo.es\/papel\/lideres\/2025\/09\/22\/68cfb99ce9cf4a3b198b456e.html\" target=\"_blank\" rel=\"nofollow noopener\">El Mundo<\/a> en la que, fiel a su estilo, contesta a todos los temas sin tapujos.<\/p>\n<p>La cantante, que ha cumplido 50 a\u00f1os, se muestra totalmente a favor de no esconder la edad y <b>niega tener ninguna crisis asociada a esta cifra<\/b>. \u00abSoy una se\u00f1ora, me gusta porque me lo he ganado\u00bb, dice orgullosa.<\/p>\n<p>\u00abHago deporte cuatro veces por semana, levanto kilos que da gusto verme y aguanto una plancha de un minuto aunque sude como un perro. Como bien, me cuido y hago lo que puedo para vivir bien\u00bb, destaca tambi\u00e9n la artista.<\/p>\n<p>Chenoa tambi\u00e9n reclama la presencia de m\u00e1s mujeres en el prime time televisivo y responde a <b>cu\u00e1l es la pregunta m\u00e1s impertinente que le han hecho<\/b> y qu\u00e9 contest\u00f3 en ese momento de aprieto.<\/p>\n<p>En vez de una pregunta, cita una \u00aban\u00e9cdota\u00bb, una situaci\u00f3n real que vivi\u00f3 en el pasado y que a d\u00eda de hoy cuesta hasta imaginar.\u00a0<\/p>\n<p>\u00abHace a\u00f1os se estilaba a la salida de los eventos que los fot\u00f3grafos te metieran la c\u00e1mara bajo el vestido para sacarte las bragas\u00bb, rememora en la charla.<\/p>\n<p>\u00ab<b>No s\u00e9 c\u00f3mo aguant\u00e9 sin darles en la cabeza<\/b>\u00ab, agrega Chenoa, siendo muy Chenoa.<\/p>\n","protected":false},"excerpt":{"rendered":"La cantante Chenoa, que regresa a Operaci\u00f3n Triunfo como presentadora de la nueva edici\u00f3n del talent en Primer&hellip;\n","protected":false},"author":2,"featured_media":132062,"comment_status":"","ping_status":"","sticky":false,"template":"","format":"standard","meta":{"footnotes":""},"categories":[171],"tags":[17945,146,147,25,24,185,222,23,214],"class_list":{"0":"post-132061","1":"post","2":"type-post","3":"status-publish","4":"format-standard","5":"has-post-thumbnail","7":"category-tv","8":"tag-chenoa","9":"tag-entertainment","10":"tag-entretenimiento","11":"tag-es","12":"tag-espana","13":"tag-musica","14":"tag-operacion-triunfo","15":"tag-spain","16":"tag-tv"},"share_on_mastodon":{"url":"","error":""},"_links":{"self":[{"href":"https:\/\/www.europesays.com\/es\/wp-json\/wp\/v2\/posts\/132061","targetHints":{"allow":["GET"]}}],"collection":[{"href":"https:\/\/www.europesays.com\/es\/wp-json\/wp\/v2\/posts"}],"about":[{"href":"https:\/\/www.europesays.com\/es\/wp-json\/wp\/v2\/types\/post"}],"author":[{"embeddable":true,"href":"https:\/\/www.europesays.com\/es\/wp-json\/wp\/v2\/users\/2"}],"replies":[{"embeddable":true,"href":"https:\/\/www.europesays.com\/es\/wp-json\/wp\/v2\/comments?post=132061"}],"version-history":[{"count":0,"href":"https:\/\/www.europesays.com\/es\/wp-json\/wp\/v2\/posts\/132061\/revisions"}],"wp:featuredmedia":[{"embeddable":true,"href":"https:\/\/www.europesays.com\/es\/wp-json\/wp\/v2\/media\/132062"}],"wp:attachment":[{"href":"https:\/\/www.europesays.com\/es\/wp-json\/wp\/v2\/media?parent=132061"}],"wp:term":[{"taxonomy":"category","embeddable":true,"href":"https:\/\/www.europesays.com\/es\/wp-json\/wp\/v2\/categories?post=132061"},{"taxonomy":"post_tag","embeddable":true,"href":"https:\/\/www.europesays.com\/es\/wp-json\/wp\/v2\/tags?post=132061"}],"curies":[{"name":"wp","href":"https:\/\/api.w.org\/{rel}","templated":true}]}}