{"id":132063,"date":"2025-09-22T15:47:13","date_gmt":"2025-09-22T15:47:13","guid":{"rendered":"https:\/\/www.europesays.com\/es\/132063\/"},"modified":"2025-09-22T15:47:13","modified_gmt":"2025-09-22T15:47:13","slug":"charly-garcia-y-sting-confirmaron-su-colaboracion-ya-hay-nombre-video-y-fecha-para-su-esperado-tema-juntos","status":"publish","type":"post","link":"https:\/\/www.europesays.com\/es\/132063\/","title":{"rendered":"Charly Garc\u00eda y Sting confirmaron su colaboraci\u00f3n: ya hay nombre, video y fecha para su esperado tema juntos"},"content":{"rendered":"<p>El adelanto del tema de Charly Garc\u00eda y Sting<\/p>\n<p class=\"paragraph\">El lunes 22 de septiembre a las 9 de la ma\u00f1ana la noticia cobr\u00f3 vida propia en millones de pantallas: <a rel=\"noopener noreferrer nofollow\" href=\"https:\/\/www.infobae.com\/tag\/charly-garcia\/\" target=\"_blank\" title=\"https:\/\/www.infobae.com\/tag\/charly-garcia\/\"><b>Charly Garc\u00eda<\/b><\/a><b> <\/b>y<b> <\/b><a rel=\"noopener noreferrer nofollow\" href=\"https:\/\/www.infobae.com\/tag\/sting\/\" target=\"_blank\" title=\"https:\/\/www.infobae.com\/tag\/sting\/\"><b>Sting<\/b><\/a><b> revelaron <\/b><b>In the City<\/b>, el tema que pone fin a semanas de rumores y especulaciones. En sus cuentas oficiales de Instagram, ambos m\u00fasicos publicaron el esperado adelanto, lo que deja a sus seguidores entre la sorpresa y el asombro. <a rel=\"noopener noreferrer nofollow\" href=\"https:\/\/www.infobae.com\/teleshow\/2025\/09\/01\/charly-garcia-y-sting-a-dias-de-presentar-un-tema-en-conjunto-lo-estoy-haciendo-a-mi-manera\/\" target=\"_blank\" title=\"https:\/\/www.infobae.com\/teleshow\/2025\/09\/01\/charly-garcia-y-sting-a-dias-de-presentar-un-tema-en-conjunto-lo-estoy-haciendo-a-mi-manera\/\">La colaboraci\u00f3n es real.<\/a> Ya tiene nombre. Ya tiene fecha de lanzamiento: 9 de octubre.<\/p>\n<p class=\"paragraph\">La canci\u00f3n, que no solo estar\u00e1 disponible en plataformas digitales, sino tambi\u00e9n en un vinilo simple con el tema en ambos lados, tiene un ADN inequ\u00edvocamente argentino. <b>\u201cIn the City\u201d es una versi\u00f3n de \u201cIn the City That Never Sleep\u201d<\/b>, incluida en el disco Kill Gill de Charly Garc\u00eda. La ciudad de Buenos Aires palpita entre sus notas.<\/p>\n<p class=\"paragraph\">En el video, el m\u00fasico argentino aparece a bordo de un antiguo taxi Siam Di Tella, ese \u00edcono amarillo y negro que durante a\u00f1os fue sin\u00f3nimo de las calles porte\u00f1as. \u00bfQu\u00e9 significa ver a esa leyenda del rock argentino recorriendo nuevamente el centro de la capital, rodeado de c\u00e1maras y equipo t\u00e9cnico? \u00bfQu\u00e9 busca, o a qui\u00e9n espera ese m\u00fasico que lo vio todo y perdi\u00f3 tanto en el camino? Mientras tanto, Sting tambi\u00e9n cruza la ciudad, a bordo de un veh\u00edculo, como si ambos estuvieran a punto de encontrarse en alg\u00fan lugar secreto de la urbe.<\/p>\n<p><img alt=\"El enigm\u00e1tico primer anuncio de\" class=\"global-image\" decoding=\"async\" fetchpriority=\"low\" height=\"1280\" loading=\"lazy\" src=\"https:\/\/www.europesays.com\/es\/wp-content\/uploads\/2025\/09\/1758556033_760_XMHDZSNYEVBBZPNICS4P7E7EUE.png\" width=\"720\"\/>El enigm\u00e1tico primer anuncio de la colaboraci\u00f3n entre Charly Garc\u00eda y Sting (Instagram)<\/p>\n<p class=\"paragraph\">No est\u00e1n solos. <b>Dominic Miller<\/b>, guitarrista, productor y compositor argentino que acompa\u00f1a a Sting desde los momentos m\u00e1s intensos de su carrera solista, tambi\u00e9n deja su huella en el video. La presencia de Miller tiende puentes entre dos continentes, une mundos que parecen opuestos y que aqu\u00ed, en esta canci\u00f3n, se abrazan.<\/p>\n<p class=\"paragraph\">La inc\u00f3gnita hab\u00eda comenzado a rodar el 30 de agosto, cuando una multitud reconoci\u00f3 a Charly Garc\u00eda a bordo de ese taxi antiguo en pleno centro. Los celulares captaron la escena, las redes sociales hicieron lo suyo y el rumor se esparci\u00f3 como reguero de p\u00f3lvora. \u00bfCharly filmando algo? \u00bfSting cerca? Nadie ten\u00eda certezas, solo im\u00e1genes y preguntas.<\/p>\n<p class=\"paragraph\">Los videos muestran al int\u00e9rprete de \u201cDemoliendo hoteles\u201d cruzando la ciudad, sentado en el asiento trasero del Siam Di Tella, rodeado de c\u00e1maras y producci\u00f3n. En una de las grabaciones, Charly responde ante la c\u00e1mara con su cl\u00e1sico desenfado, sacando la lengua a quien lo filma. Poco despu\u00e9s, el video lo muestra <b>siendo asistido para subir a la silla de ruedas<\/b> que utiliza actualmente, una imagen potente, cargada de significado y dignidad.<\/p>\n<p><img alt=\"El encuentro de Charly Garc\u00eda\" class=\"global-image\" decoding=\"async\" fetchpriority=\"low\" height=\"480\" loading=\"lazy\" src=\"https:\/\/www.europesays.com\/es\/wp-content\/uploads\/2025\/09\/1758556033_588_KVTQNQA2HVBHRAK7F5YTZYKEVE.jpg\" width=\"640\"\/>El encuentro de Charly Garc\u00eda y Sting en febrero \u00faltimo <\/p>\n<p class=\"paragraph\">El lanzamiento de \u201cIn the City\u201d ya no es un rumor. <b>El 9 de octubre, Charly Garc\u00eda y Sting abrir\u00e1n las puertas de esa ciudad que nunca duerme, compartiendo escenario, ruta y canci\u00f3n<\/b>.<\/p>\n<p class=\"paragraph\">La historia reciente se remonta a febrero, cuando el exl\u00edder The Police <b>lleg\u00f3 a la Argentina para presentarse en el Movistar Arena<\/b>. All\u00ed, en la previa del primero de los dos shows, <a rel=\"noopener noreferrer nofollow\" href=\"https:\/\/www.infobae.com\/teleshow\/2025\/02\/24\/el-encuentro-de-charly-garcia-con-sting-que-exploto-las-redes-sociales-demasiada-calidad\/\" target=\"_blank\" title=\"https:\/\/www.infobae.com\/teleshow\/2025\/02\/24\/el-encuentro-de-charly-garcia-con-sting-que-exploto-las-redes-sociales-demasiada-calidad\/\">ambos cantautores se encontraron frente a frente; compartieron mesa, risas y tambi\u00e9n confidencias<\/a> en el camar\u00edn, lejos de las c\u00e1maras pero no de las miradas de un entorno atento. Una foto de Garc\u00eda con Sting circul\u00f3 en redes, acompa\u00f1ada solo con la menci\u00f3n del m\u00fasico brit\u00e1nico. Sin agregar explicaci\u00f3n, pero s\u00ed cruzando afecto a trav\u00e9s de un simple emoji de coraz\u00f3n (la reacci\u00f3n p\u00fablica de Sting).<\/p>\n<p class=\"paragraph\">El posteo deton\u00f3 una avalancha de comentarios. <b>\u201cOjal\u00e1 est\u00e9n coordinando sus reencarnaciones\u201d<\/b> y <b>\u201cDios ense\u00f1\u00e1ndole de m\u00fasica a Sting\u201d<\/b>, brome\u00f3 la gente, mientras otros destacaban la \u201cdemasiada calidad\u201d de la imagen. All\u00ed naci\u00f3 la idea de un trabajo en com\u00fan, la voluntad de grabar y sacar juntos una canci\u00f3n, aquella que ahora espera su estreno para octubre.<\/p>\n","protected":false},"excerpt":{"rendered":"El adelanto del tema de Charly Garc\u00eda y Sting El lunes 22 de septiembre a las 9 de&hellip;\n","protected":false},"author":2,"featured_media":132064,"comment_status":"","ping_status":"","sticky":false,"template":"","format":"standard","meta":{"footnotes":""},"categories":[170],"tags":[146,147,25,24,184,185,23],"class_list":{"0":"post-132063","1":"post","2":"type-post","3":"status-publish","4":"format-standard","5":"has-post-thumbnail","7":"category-musica","8":"tag-entertainment","9":"tag-entretenimiento","10":"tag-es","11":"tag-espana","12":"tag-music","13":"tag-musica","14":"tag-spain"},"share_on_mastodon":{"url":"","error":""},"_links":{"self":[{"href":"https:\/\/www.europesays.com\/es\/wp-json\/wp\/v2\/posts\/132063","targetHints":{"allow":["GET"]}}],"collection":[{"href":"https:\/\/www.europesays.com\/es\/wp-json\/wp\/v2\/posts"}],"about":[{"href":"https:\/\/www.europesays.com\/es\/wp-json\/wp\/v2\/types\/post"}],"author":[{"embeddable":true,"href":"https:\/\/www.europesays.com\/es\/wp-json\/wp\/v2\/users\/2"}],"replies":[{"embeddable":true,"href":"https:\/\/www.europesays.com\/es\/wp-json\/wp\/v2\/comments?post=132063"}],"version-history":[{"count":0,"href":"https:\/\/www.europesays.com\/es\/wp-json\/wp\/v2\/posts\/132063\/revisions"}],"wp:featuredmedia":[{"embeddable":true,"href":"https:\/\/www.europesays.com\/es\/wp-json\/wp\/v2\/media\/132064"}],"wp:attachment":[{"href":"https:\/\/www.europesays.com\/es\/wp-json\/wp\/v2\/media?parent=132063"}],"wp:term":[{"taxonomy":"category","embeddable":true,"href":"https:\/\/www.europesays.com\/es\/wp-json\/wp\/v2\/categories?post=132063"},{"taxonomy":"post_tag","embeddable":true,"href":"https:\/\/www.europesays.com\/es\/wp-json\/wp\/v2\/tags?post=132063"}],"curies":[{"name":"wp","href":"https:\/\/api.w.org\/{rel}","templated":true}]}}