{"id":132067,"date":"2025-09-22T15:49:11","date_gmt":"2025-09-22T15:49:11","guid":{"rendered":"https:\/\/www.europesays.com\/es\/132067\/"},"modified":"2025-09-22T15:49:11","modified_gmt":"2025-09-22T15:49:11","slug":"rueda-de-prensa-julian-calero-vamos-a-hacer-todo-lo-posible-para-que-la-gente-se-sienta-orgullosa-de-lo-que-haya-visto-levante-ud","status":"publish","type":"post","link":"https:\/\/www.europesays.com\/es\/132067\/","title":{"rendered":"RUEDA DE PRENSA | Juli\u00e1n Calero: \u201cVamos a hacer todo lo posible para que la gente se sienta orgullosa de lo que haya visto\u201d | Levante UD"},"content":{"rendered":"<p>El entrenador Juli\u00e1n Calero ha comparecido este mediod\u00eda en la rueda de prensa previa al encuentro que disputar\u00e1 ma\u00f1ana el Levante UD frente al Real Madrid en el Estadio Ciutat de Val\u00e8ncia.<\/p>\n<p class=\"MsoNormal\" style=\"text-align: justify;\">Tras la victoria conseguida el pasado fin de semana ante el Girona FC, el t\u00e9cnico ha reconocido que \u201cla hoja de ruta iba a ser la misma en cuanto a la forma de encarar el partido, pero es cierto que, <strong>si ganas el previo, tienes la sensaci\u00f3n de llegar mejor<\/strong>\u201d.<\/p>\n<p class=\"MsoNormal\" style=\"text-align: justify;\">Calero es consciente de la dificultad del encuentro, pero tambi\u00e9n sabe que su equipo va a competir. \u201cSabemos a qui\u00e9n nos enfrentamos y ma\u00f1ana vamos a encarar el partido <strong>con mucha ilusi\u00f3n, ganas y con la intenci\u00f3n de darle a nuestros aficionados el mejor f\u00fatbol que tengamos<\/strong> y ver hasta d\u00f3nde nos llega para competir con este transatl\u00e1ntico que es el Real Madrid. Es evidente que sabemos de su potencial y es un equipo que lleva seis de seis, cinco en liga ganados y uno en Champions, pero, adem\u00e1s, de la manera en la que est\u00e1 ganando\u201d. Pese a ello, el entrenador ha querido dejar claro que su equipo va \u201ca intentar compet\u00edrselo bien y <strong>a hacer todo lo posible para que la gente se sienta orgullosa de lo que haya visto<\/strong>\u201d.<\/p>\n<p class=\"MsoNormal\" style=\"text-align: justify;\">A continuaci\u00f3n, puedes ver la rueda de prensa completa.<\/p>\n","protected":false},"excerpt":{"rendered":"El entrenador Juli\u00e1n Calero ha comparecido este mediod\u00eda en la rueda de prensa previa al encuentro que disputar\u00e1&hellip;\n","protected":false},"author":2,"featured_media":132068,"comment_status":"","ping_status":"","sticky":false,"template":"","format":"standard","meta":{"footnotes":""},"categories":[93],"tags":[168,25,24,23,167],"class_list":{"0":"post-132067","1":"post","2":"type-post","3":"status-publish","4":"format-standard","5":"has-post-thumbnail","7":"category-deportes","8":"tag-deportes","9":"tag-es","10":"tag-espana","11":"tag-spain","12":"tag-sports"},"share_on_mastodon":{"url":"","error":""},"_links":{"self":[{"href":"https:\/\/www.europesays.com\/es\/wp-json\/wp\/v2\/posts\/132067","targetHints":{"allow":["GET"]}}],"collection":[{"href":"https:\/\/www.europesays.com\/es\/wp-json\/wp\/v2\/posts"}],"about":[{"href":"https:\/\/www.europesays.com\/es\/wp-json\/wp\/v2\/types\/post"}],"author":[{"embeddable":true,"href":"https:\/\/www.europesays.com\/es\/wp-json\/wp\/v2\/users\/2"}],"replies":[{"embeddable":true,"href":"https:\/\/www.europesays.com\/es\/wp-json\/wp\/v2\/comments?post=132067"}],"version-history":[{"count":0,"href":"https:\/\/www.europesays.com\/es\/wp-json\/wp\/v2\/posts\/132067\/revisions"}],"wp:featuredmedia":[{"embeddable":true,"href":"https:\/\/www.europesays.com\/es\/wp-json\/wp\/v2\/media\/132068"}],"wp:attachment":[{"href":"https:\/\/www.europesays.com\/es\/wp-json\/wp\/v2\/media?parent=132067"}],"wp:term":[{"taxonomy":"category","embeddable":true,"href":"https:\/\/www.europesays.com\/es\/wp-json\/wp\/v2\/categories?post=132067"},{"taxonomy":"post_tag","embeddable":true,"href":"https:\/\/www.europesays.com\/es\/wp-json\/wp\/v2\/tags?post=132067"}],"curies":[{"name":"wp","href":"https:\/\/api.w.org\/{rel}","templated":true}]}}