{"id":132077,"date":"2025-09-22T15:54:07","date_gmt":"2025-09-22T15:54:07","guid":{"rendered":"https:\/\/www.europesays.com\/es\/132077\/"},"modified":"2025-09-22T15:54:07","modified_gmt":"2025-09-22T15:54:07","slug":"el-reconocimiento-frances-del-estado-palestino-divide-a-francia-y-europa","status":"publish","type":"post","link":"https:\/\/www.europesays.com\/es\/132077\/","title":{"rendered":"El reconocimiento franc\u00e9s del Estado palestino divide a Francia y Europa"},"content":{"rendered":"<p style=\"\">El reconocimiento de un Estado palestino, en la Asamblea General de Naciones Unidas, en Nueva York, iniciativa de Emmanuel Macron, divide profundamente a Francia y Europa, sin que se conozca el \u00abcamino pr\u00e1ctico\u00bb que<a href=\"https:\/\/www.abc.es\/internacional\/asamblea-onu-abre-guerra-diplomatica-palestina-20250923032641-nt.html\" target=\"_self\" data-voc-vtm-id=\"in-text-traffic\" title=\" permitir\u00e1 hacer realidad un Estado\" data-mrf-link=\"www.abc.es\" rel=\"nofollow noopener\"> permitir\u00e1 hacer realidad un Estado<\/a> reconocido pero inexistente, de aleatorias  &#8230; fronteras por conocer, al final de largos e inciertos procesos por negociar.<\/p>\n<p class=\"voc-p\" style=\"\">Macron ha conseguido el apoyo del Reino Unido, Canad\u00e1, y Australia. Aliados s\u00f3lidos, pero distantes. \u00abEse reconocimiento da alas al Gobierno de Benjamin Netanyahu\u00bb, ha declarado el fil\u00f3sofo Luc Ferry, agregando: \u00abEs una cat\u00e1strofe que atiza los extremismos y \u00bblegitima\u00ab el terrorismo isl\u00e1mico de Ham\u00e1s\u00bb.<\/p>\n<p class=\"voc-p\" style=\"\">En Alemania, principal aliado estrat\u00e9gico de Francia, el canciller Friedrich Merz<a href=\"https:\/\/www.abc.es\/internacional\/suecia-endurecera-derecho-manifestacion-debido-agresivas-protestas-20250916124441-nt.html\" target=\"_self\" data-voc-vtm-id=\"in-text-traffic\" title=\", ha rechazado en varias ocasiones el proyecto\" data-mrf-link=\"www.abc.es\" rel=\"nofollow noopener\">, ha rechazado en varias ocasiones el proyecto<\/a> macroniano. \u00abActualmente, no consideramos que se cumplan en absoluto los requisitos para el reconocimiento estatal\u00bb. Rechazo total en el coraz\u00f3n del difunto \u00abmotor\u00bb de la construcci\u00f3n pol\u00edtica de Europa.<\/p>\n<p class=\"voc-p\" style=\"\">En Italia, otro aliado hist\u00f3rico en la construcci\u00f3n pol\u00edtica de Europa, <strong>Giorgia Meloni<\/strong> rechaza de manera frontal el proyecto macroniano: \u00abEl reconocimiento del Estado de Palestina, sin que exista un Estado de Palestina, puede incluso ser contraproducente. Si se reconoce sobre el papel algo que no existe, se corre el riesgo de que el problema parezca resuelto, cuando no lo est\u00e1\u00bb.<\/p>\n<p class=\"voc-p\" style=\"\">La UE ya est\u00e1 dividida ante las proporciones y alcance del apoyo militar a Ucrania, ante el intento de invasi\u00f3n colonial de Putin. Macron ha abierto un nuevo frente de divisiones estrat\u00e9gicas.<\/p>\n<p class=\"voc-p\" style=\"\">La \u00abevoluci\u00f3n\u00bb del pensamiento macroniano sobre el proceso del reconocimiento y su alcance pr\u00e1ctico, ha abierto un grave arco iris de dudas e interrogantes sin respuesta, muy graves para el futuro \u00abpr\u00e1ctico\u00bb del proyecto.<\/p>\n<p class=\"voc-p\" style=\"\">Tras la matanza de Ham\u00e1s del 7 de octubre de 2023, Macron lanz\u00f3 con mucho aparato publicitario un proyecto muy ambicioso: construcci\u00f3n de una coalici\u00f3n internacional para combatir \u00aben todos sus frentes\u00bb el terrorismo isl\u00e1mico de Ham\u00e1s. Proyecto que tuvo un eco sencillamente nulo, cuando Ham\u00e1s ha seguido utilizando a los rehenes y al pueblo gazat\u00ed como \u00abescudos\u00bb.<\/p>\n<p class=\"voc-p\" style=\"\">M\u00e1s tarde, a mediados de abril, cuando el presidente franc\u00e9s anunci\u00f3 la versi\u00f3n original de su proyecto de reconocimiento de un Estado de Palestina, Macron presento una serie de \u00abcondiciones previas\u00bb: liberaci\u00f3n de los rehenes secuestrados por Ham\u00e1s; reforma de la Autoridad Nacional Palestina (ANP); desarme de Ham\u00e1s, reconocimiento de Israel por parte de los pa\u00edses \u00e1rabes\u2026<\/p>\n<p class=\"voc-p\" style=\"\">Seis meses despu\u00e9s, Ham\u00e1s sigue utilizando los rehenes con fines terroristas; la ANP sigue igualmente desacreditada, tras largos a\u00f1os de guerra civil con Ham\u00e1s; el desarme de Ham\u00e1s es un \u00abambici\u00f3n\u00bb sencillamente ilusoria; el reconocimiento de Israel por parte de los pa\u00edses \u00e1rabes continua en el limbo diplom\u00e1tico.<\/p>\n<p>\nAb\u00e1s, desacreditado\n<\/p>\n<p class=\"voc-p\" style=\"\">Macron ha esgrimido su correspondencia con <strong>Mahmud Ab\u00e1s,<\/strong> presidente de la ANP, para \u00abavalar\u00bb el \u00abembri\u00f3n\u00bb del futuro y todav\u00eda incierto Estado palestino. Ab\u00e1s ha presentado al presidente franc\u00e9s una relaci\u00f3n de ambiciosos proyectos, que solo tienen un punto d\u00e9bil: Ab\u00e1s est\u00e1 totalmente desacreditado, lleva m\u00e1s de veinte a\u00f1os sin celebrar elecciones en el seno de su organizaci\u00f3n, ha sido denunciado en el Parlamento Europeo por sus declaraciones antisemitas, y, algo mucho peor: buena parte de los millonarios fondos de ayuda europeas al pueblo palestino han desaparecido en un laberinto de corrupciones internas. Mal ejemplo de futuro Estado.<\/p>\n<p class=\"voc-p\" style=\"\">Tras el di\u00e1logo personal del presidente de Francia con el muy desacreditado presidente de la ANP, se abre un nuevo frente de diferencias, nacionales y europeas.<\/p>\n<p class=\"voc-p\" style=\"\">En Francia, la alcald\u00eda de Par\u00eds, socialista, ha denunciado el anti semitismo de Ab\u00e1s, estimando que se trata de un mal interlocutor para construir el futuro del pueblo palestino. Entre las fuerzas pol\u00edticas nacionales, solo La Francia Insumisa (LFI, extrema izquierda) acepta al dirigente palestino como una personalidad cre\u00edble. Cuando Francia es v\u00edctima de un crecimiento llamativo y violento del anti semitismo, se trata de unas relaciones pol\u00edticas sencillamente \u00abinfumables\u00bb para la mayor\u00eda social.<\/p>\n<p class=\"voc-p\" style=\"\"> En Alemania, Italia y otros pa\u00edses europeos, en el Parlamento Europeo, el presidente de la ANP tampoco tiene amigos s\u00f3lidos. Nadie olvida que Ab\u00e1s y Ham\u00e1s han estado en guerra civil, palestina, con muchos muertos, durante bastantes a\u00f1os.<\/p>\n<p class=\"voc-p\" style=\"\">\u00abLa gesticulaci\u00f3n diplom\u00e1tica de Macron solo tiene un resultado pr\u00e1ctico, alentar a los extremistas y la violencia\u00bb, comenta Nicolas Baverez, historiador em\u00e9rito, agregando: \u00abEl proyecto macroniano es una formidable recompensa para Ham\u00e1s, que, derrotado militarmente, recibe el regalo de una victoria pol\u00edtica y diplom\u00e1tica, permiti\u00e9ndole justificar todas las masacres del 7 de octubre\u00bb. \u00abAl mismo tiempo, contin\u00faa Baverez, Macron da su visto bueno a las posiciones de las extremas izquierdas y sus estrategias de insurrecci\u00f3n, legitimando las llamaradas antisemitas, convirtiendo a los jud\u00edos de Francia en v\u00edctimas del comportamiento de Netanyahu, abandonados al odio y designados a la opini\u00f3n antisemita que no ha dejado de crecer en Francia y Europa\u00bb.<\/p>\n","protected":false},"excerpt":{"rendered":"El reconocimiento de un Estado palestino, en la Asamblea General de Naciones Unidas, en Nueva York, iniciativa de&hellip;\n","protected":false},"author":2,"featured_media":132078,"comment_status":"","ping_status":"","sticky":false,"template":"","format":"standard","meta":{"footnotes":""},"categories":[42],"tags":[17,18,42209,693,700,13,14,1820,317,11,61,62,63,64,19,20,9,10,15,16,695,13460,12,21,22,65,66,67],"class_list":{"0":"post-132077","1":"post","2":"type-post","3":"status-publish","4":"format-standard","5":"has-post-thumbnail","7":"category-internacional","8":"tag-breaking-news","9":"tag-breakingnews","10":"tag-divide","11":"tag-estado","12":"tag-europa","13":"tag-featured-news","14":"tag-featurednews","15":"tag-frances","16":"tag-francia","17":"tag-headlines","18":"tag-internacional","19":"tag-international","20":"tag-international-news","21":"tag-internationalnews","22":"tag-latest-news","23":"tag-latestnews","24":"tag-news","25":"tag-noticias","26":"tag-noticias-destacadas","27":"tag-noticiasdestacadas","28":"tag-palestino","29":"tag-reconocimiento","30":"tag-titulares","31":"tag-ultimas-noticias","32":"tag-ultimasnoticias","33":"tag-world","34":"tag-world-news","35":"tag-worldnews"},"share_on_mastodon":{"url":"","error":""},"_links":{"self":[{"href":"https:\/\/www.europesays.com\/es\/wp-json\/wp\/v2\/posts\/132077","targetHints":{"allow":["GET"]}}],"collection":[{"href":"https:\/\/www.europesays.com\/es\/wp-json\/wp\/v2\/posts"}],"about":[{"href":"https:\/\/www.europesays.com\/es\/wp-json\/wp\/v2\/types\/post"}],"author":[{"embeddable":true,"href":"https:\/\/www.europesays.com\/es\/wp-json\/wp\/v2\/users\/2"}],"replies":[{"embeddable":true,"href":"https:\/\/www.europesays.com\/es\/wp-json\/wp\/v2\/comments?post=132077"}],"version-history":[{"count":0,"href":"https:\/\/www.europesays.com\/es\/wp-json\/wp\/v2\/posts\/132077\/revisions"}],"wp:featuredmedia":[{"embeddable":true,"href":"https:\/\/www.europesays.com\/es\/wp-json\/wp\/v2\/media\/132078"}],"wp:attachment":[{"href":"https:\/\/www.europesays.com\/es\/wp-json\/wp\/v2\/media?parent=132077"}],"wp:term":[{"taxonomy":"category","embeddable":true,"href":"https:\/\/www.europesays.com\/es\/wp-json\/wp\/v2\/categories?post=132077"},{"taxonomy":"post_tag","embeddable":true,"href":"https:\/\/www.europesays.com\/es\/wp-json\/wp\/v2\/tags?post=132077"}],"curies":[{"name":"wp","href":"https:\/\/api.w.org\/{rel}","templated":true}]}}