{"id":132101,"date":"2025-09-22T16:09:11","date_gmt":"2025-09-22T16:09:11","guid":{"rendered":"https:\/\/www.europesays.com\/es\/132101\/"},"modified":"2025-09-22T16:09:11","modified_gmt":"2025-09-22T16:09:11","slug":"cristina-presiona-a-su-madre-para-que-perdone-a-don-pedro","status":"publish","type":"post","link":"https:\/\/www.europesays.com\/es\/132101\/","title":{"rendered":"Cristina presiona a su madre para que perdone a don Pedro"},"content":{"rendered":"<p>El estado de salud de<b> don Pedro<\/b> empeora por momentos y <b>Cristina <\/b>no deja de pensar en que su madre se va a arrepentir de no haber aclarado las cosas con \u00e9l antes de que sea demasiado tarde. Por eso, la joven ha intentado convencer a <b>Irene <\/b>de que perdone a su hermano para que se pueda ir en paz.<\/p>\n<p>Por otro lado, <b><a title=\"don Agust\u00edn ha irrumpido muy enfadado en la tienda de perfumes\" href=\"https:\/\/www.antena3.com\/series\/suenos-de-libertad\/don-agustin-escandalizado-nueva-fragancia-perfumerias-reina-ese-nombre-lujurioso_2025092268d15b1e5f87ee0831f5fdf9.html\" target=\"_blank\" rel=\"nofollow noopener\">don Agust\u00edn ha irrumpido muy enfadado en la tienda de perfumes<\/a><\/b> y ha acusado a las chicas de vender un producto obsceno que ha escandalizado a las feligresas. <b>Carmen y Gema<\/b> enseguida se han dado cuenta de que el nuevo perfume no ha tenido el mismo \u00e9xito que otros que sacaron anteriormente.<\/p>\n<p>A pesar de que su familia quer\u00eda que volviese a estar al frente de la f\u00e1brica, <b>Marta <\/b>ha renunciado a la direcci\u00f3n, ya que no se ve capaz de asumir un puesto tan importante cuando <b>la ausencia de Fina<\/b> le sigue pesando d\u00eda a d\u00eda.<\/p>\n<p>Gracias a <b>Gabriel<\/b>, <b><a title=\"Mar\u00eda ha conseguido continuar con su mentira\" href=\"https:\/\/www.antena3.com\/series\/suenos-de-libertad\/maria-evita-que-luz-begona-descubran-que-tiene-sensibilidad-piernas-gracias-gabriel_2025092268d1622831b8a3479b74b84a.html\" target=\"_blank\" rel=\"nofollow noopener\">Mar\u00eda ha conseguido continuar con su mentira<\/a><\/b>. La joven ha vuelto a hacer creer a <b>Bego\u00f1a y a Luz<\/b> que sigue sin poder caminar. \u00bfHasta cu\u00e1ndo durar\u00e1 su enga\u00f1o?<\/p>\n<p>Adem\u00e1s, <b><a title=\"Claudia ha recordado la muerte de Mateo en su cita con Ra\u00fal\" href=\"https:\/\/www.antena3.com\/series\/suenos-de-libertad\/claudia-revive-dolor-perdida-mateo-raul-coche-gran-velocidad-paro-pensar_2025092268d15d7d6b16e40392d88a3c.html\" target=\"_blank\" rel=\"nofollow noopener\">Claudia ha recordado la muerte de Mateo en su cita con Ra\u00fal<\/a><\/b>, mientras <b>Tasio <\/b>contin\u00faa defendiendo a <b>don Pedro.<\/b> \u00bfSe convertir\u00e1 finalmente \u00e9l en su sucesor? \u00a1No te pierdas los pr\u00f3ximos cap\u00edtulos de Sue\u00f1os de libertad para descubrirlo! <b><a title=\"Y si te has perdido el episodio de hoy, disfruta de \u00e9l en atresplayer.\" href=\"https:\/\/www.atresplayer.com\/antena3\/series\/suenos-de-libertad\" target=\"_blank\" rel=\"nofollow noopener\">Y si te has perdido el episodio de hoy, disfruta de \u00e9l en atresplayer.<\/a><\/b><\/p>\n","protected":false},"excerpt":{"rendered":"El estado de salud de don Pedro empeora por momentos y Cristina no deja de pensar en que&hellip;\n","protected":false},"author":2,"featured_media":132102,"comment_status":"","ping_status":"","sticky":false,"template":"","format":"standard","meta":{"footnotes":""},"categories":[171],"tags":[146,147,25,24,23,214],"class_list":{"0":"post-132101","1":"post","2":"type-post","3":"status-publish","4":"format-standard","5":"has-post-thumbnail","7":"category-tv","8":"tag-entertainment","9":"tag-entretenimiento","10":"tag-es","11":"tag-espana","12":"tag-spain","13":"tag-tv"},"share_on_mastodon":{"url":"","error":""},"_links":{"self":[{"href":"https:\/\/www.europesays.com\/es\/wp-json\/wp\/v2\/posts\/132101","targetHints":{"allow":["GET"]}}],"collection":[{"href":"https:\/\/www.europesays.com\/es\/wp-json\/wp\/v2\/posts"}],"about":[{"href":"https:\/\/www.europesays.com\/es\/wp-json\/wp\/v2\/types\/post"}],"author":[{"embeddable":true,"href":"https:\/\/www.europesays.com\/es\/wp-json\/wp\/v2\/users\/2"}],"replies":[{"embeddable":true,"href":"https:\/\/www.europesays.com\/es\/wp-json\/wp\/v2\/comments?post=132101"}],"version-history":[{"count":0,"href":"https:\/\/www.europesays.com\/es\/wp-json\/wp\/v2\/posts\/132101\/revisions"}],"wp:featuredmedia":[{"embeddable":true,"href":"https:\/\/www.europesays.com\/es\/wp-json\/wp\/v2\/media\/132102"}],"wp:attachment":[{"href":"https:\/\/www.europesays.com\/es\/wp-json\/wp\/v2\/media?parent=132101"}],"wp:term":[{"taxonomy":"category","embeddable":true,"href":"https:\/\/www.europesays.com\/es\/wp-json\/wp\/v2\/categories?post=132101"},{"taxonomy":"post_tag","embeddable":true,"href":"https:\/\/www.europesays.com\/es\/wp-json\/wp\/v2\/tags?post=132101"}],"curies":[{"name":"wp","href":"https:\/\/api.w.org\/{rel}","templated":true}]}}