{"id":132105,"date":"2025-09-22T16:11:11","date_gmt":"2025-09-22T16:11:11","guid":{"rendered":"https:\/\/www.europesays.com\/es\/132105\/"},"modified":"2025-09-22T16:11:11","modified_gmt":"2025-09-22T16:11:11","slug":"star-wars-saca-la-artilleria-pesada-para-su-regreso-al-cine-pedro-pascal-y-baby-yoda-lideran-el-encantador-trailer-de-the-mandalorian-and-grogu","status":"publish","type":"post","link":"https:\/\/www.europesays.com\/es\/132105\/","title":{"rendered":"Star Wars saca la artiller\u00eda pesada para su regreso al cine. Pedro Pascal y Baby Yoda lideran el encantador tr\u00e1iler de &#8216;The Mandalorian and Grogu&#8217;"},"content":{"rendered":"<p>A excepci\u00f3n de <a class=\"text-outboundlink\" href=\"https:\/\/www.espinof.com\/criticas\/mejor-serie-star-wars-vuelve-ultima-vez-estupenda-temporada-2-andor-va-a-su-emocionante-final\" data-vars-post-title=\"&#039;Andor&#039; es lo mejor de Star Wars que ha hecho Disney. Su estupenda temporada 2 es la confirmaci\u00f3n definitiva\" data-vars-post-url=\"https:\/\/www.espinof.com\/criticas\/mejor-serie-star-wars-vuelve-ultima-vez-estupenda-temporada-2-andor-va-a-su-emocionante-final\" rel=\"nofollow noopener\" target=\"_blank\">&#8216;Andor&#8217;<\/a>, cuya primera temporada ya me enamor\u00f3 para volver a dejarme ampliamente satisfecho con su segunda tanda de episodios, he de confesar que llevo una larga temporada con mi inter\u00e9s hacia <strong>el vasto y, aparentemente, inagotable universo &#8216;Star Wars&#8217; <\/strong>bajo m\u00ednimos; algo que ha incluido a una <a class=\"text-outboundlink\" href=\"https:\/\/www.espinof.com\/criticas\/the-mandalorian-nostalgia-star-wars-sencillo-espectacular-western-espacial-aventuras\" data-vars-post-title=\"&#039;The Mandalorian&#039;: m\u00e1s nostalgia Star Wars en un sencillo y espectacular western espacial de aventuras\" data-vars-post-url=\"https:\/\/www.espinof.com\/criticas\/the-mandalorian-nostalgia-star-wars-sencillo-espectacular-western-espacial-aventuras\" rel=\"nofollow noopener\" target=\"_blank\">&#8216;The Mandalorian&#8217;<\/a> que abandon\u00e9 durante su tercera iteraci\u00f3n en Disney+.<\/p>\n<p>Vuelve el d\u00fao de oro<\/p>\n<p>Sabiendo esto, voy a proceder a manifestar mi admiraci\u00f3n por los montadores de material promocional en general y tr\u00e1ilers en particular, porque el primer avance de <a class=\"text-outboundlink\" href=\"https:\/\/www.espinof.com\/todo-lo-que-sabemos\/the-mandalorian-grogu-fecha-estreno-reparto-trailer-sinopsis-todo-que-sabemos-pelicula-star-wars-pedro-pascal-baby-yoda\" data-vars-post-title=\"&#039;The Mandalorian y Grogu&#039;, fecha de estreno, reparto y todo lo que sabemos de la pel\u00edcula de Star Wars con Pedro Pascal\" data-vars-post-url=\"https:\/\/www.espinof.com\/todo-lo-que-sabemos\/the-mandalorian-grogu-fecha-estreno-reparto-trailer-sinopsis-todo-que-sabemos-pelicula-star-wars-pedro-pascal-baby-yoda\" rel=\"nofollow noopener\" target=\"_blank\">&#8216;The Mandalorian and Grogu&#8217;<\/a> ha conseguido transformar mi gesto de pereza absoluta en una media sonrisa y, lo que es m\u00e1s importante, <strong>bastantes ganas de hincar el diente al salto del d\u00fao gal\u00e1ctico a la gran pantalla<\/strong>.<\/p>\n<p>En cosa de un minuto y medio, el director Jon Favreau ha sacado la artiller\u00eda pesada \u2014incluyendo unos cuantos AT-AT y la colecci\u00f3n de criaturas habitual\u2014 para <strong>calentar motores de cara al 22 de mayo del pr\u00f3ximo 2026<\/strong>, cuando est\u00e1 previsto que el largometraje llegue a nuestras salas de cine, todo ello despu\u00e9s de convertirse en una prioridad para Lucasfilm sobre la cuarta temporada del show que nos dio a conocer a Din Djarin y compa\u00f1\u00eda.<\/p>\n<p>    <a href=\"https:\/\/www.espinof.com\/listas\/star-wars-todas-peliculas-saga-ordenadas-peor-mejor\" class=\"pivot-outboundlink\" data-vars-post-title=\"Star Wars: todas las pel\u00edculas de la saga ordenadas de peor a mejor\" rel=\"nofollow noopener\" target=\"_blank\"><br \/>\n     <img loading=\"lazy\" decoding=\"async\" alt=\"Star Wars: todas las pel\u00edculas de la saga ordenadas de peor a mejor\" width=\"375\" height=\"142\" src=\"https:\/\/www.europesays.com\/es\/wp-content\/uploads\/2025\/09\/1757592848_497_375_142.jpg\"\/><br \/>\n    <\/a><\/p>\n<p>Y es que <strong>&#8216;The Mandalorian and Grogu&#8217; es consecuencia directa de las huelgas de sindicatos<\/strong> que azotaron Hollywood en 2023 y que retrasaron la producci\u00f3n de una cuarta temporada de &#8216;The Mandalorian&#8217; que cada vez tiene menos papeletas para terminar viendo la luz del d\u00eda. Pero la esperanza es lo \u00faltimo que el fandom deber\u00eda perder a estas alturas.<\/p>\n<p>Por el momento no han trascendido detalles sobre la sinopsis oficial de la cinta, que estar\u00e1 protagonizada por <strong>Pedro Pascal, Sigourney Weaver, Jonny Coyne y Jeremy Allen White<\/strong>, que volver\u00e1 a contar con Jon Favreau ocupando el asiento del director, y cuyo gui\u00f3n est\u00e1 coescrito por el propio Favreau y un <strong>Dave Filoni<\/strong> que contin\u00faa siendo uno de los grandes pilares del presente y el futuro de &#8216;Star Wars&#8217;. Esperemos que hayan vuelto a acertar de pleno.<\/p>\n<p>                   <img class=\"\" height=\"1199\" width=\"827\" loading=\"lazy\" decoding=\"async\"  fetchpriority=\"high\"  src=\"https:\/\/www.europesays.com\/es\/wp-content\/uploads\/2025\/09\/1758557471_305_450_1000.jpeg\" alt=\"The Mandalorian And Grogu 923675245 Large\"\/><\/p>\n<p>Si quieres una raci\u00f3n semanal de informaci\u00f3n y otras cosas relacionadas con el mundo del cine, date una vuelta por nuestra Newsletter,\u00a0<a class=\"text-outboundlink\" href=\"https:\/\/www.espinof.com\/espinof\/llega-espinofrenia-newsletter-gratuita-espinof-opiniones-tapujos-mejor-semana-horribles-juegos-palabras-marca-casa\" data-vars-post-title=\"\u00a1Llega Espinofrenia! La newsletter gratuita de Espinof con opiniones sin tapujos, lo mejor de la semana y horribles juegos de palabras marca de la casa \" data-vars-post-url=\"https:\/\/www.espinof.com\/espinof\/llega-espinofrenia-newsletter-gratuita-espinof-opiniones-tapujos-mejor-semana-horribles-juegos-palabras-marca-casa\" rel=\"nofollow noopener\" target=\"_blank\">Espinofrenia<\/a>.<\/p>\n<p>En Espinof |\u00a0<a class=\"text-outboundlink\" href=\"https:\/\/www.espinof.com\/listas\/mejores-peliculas-2025\" data-vars-post-title=\"Las 14 mejores pel\u00edculas de 2025 (por ahora)\" data-vars-post-url=\"https:\/\/www.espinof.com\/listas\/mejores-peliculas-2025\" rel=\"nofollow noopener\" target=\"_blank\">Las mejores pel\u00edculas de 2025<\/a><\/p>\n<p>En Espinof |\u00a0<a class=\"text-outboundlink\" href=\"https:\/\/www.espinof.com\/listas\/mejores-series-2025\" data-vars-post-title=\"Las 13 mejores series de 2025 (por ahora)\" data-vars-post-url=\"https:\/\/www.espinof.com\/listas\/mejores-series-2025\" rel=\"nofollow noopener\" target=\"_blank\">Las mejores series de 2025<\/a><\/p>\n","protected":false},"excerpt":{"rendered":"A excepci\u00f3n de &#8216;Andor&#8217;, cuya primera temporada ya me enamor\u00f3 para volver a dejarme ampliamente satisfecho con su&hellip;\n","protected":false},"author":2,"featured_media":132106,"comment_status":"","ping_status":"","sticky":false,"template":"","format":"standard","meta":{"footnotes":""},"categories":[169],"tags":[177,146,147,25,24,176,175,23],"class_list":{"0":"post-132105","1":"post","2":"type-post","3":"status-publish","4":"format-standard","5":"has-post-thumbnail","7":"category-cine","8":"tag-cine","9":"tag-entertainment","10":"tag-entretenimiento","11":"tag-es","12":"tag-espana","13":"tag-film","14":"tag-movies","15":"tag-spain"},"share_on_mastodon":{"url":"","error":""},"_links":{"self":[{"href":"https:\/\/www.europesays.com\/es\/wp-json\/wp\/v2\/posts\/132105","targetHints":{"allow":["GET"]}}],"collection":[{"href":"https:\/\/www.europesays.com\/es\/wp-json\/wp\/v2\/posts"}],"about":[{"href":"https:\/\/www.europesays.com\/es\/wp-json\/wp\/v2\/types\/post"}],"author":[{"embeddable":true,"href":"https:\/\/www.europesays.com\/es\/wp-json\/wp\/v2\/users\/2"}],"replies":[{"embeddable":true,"href":"https:\/\/www.europesays.com\/es\/wp-json\/wp\/v2\/comments?post=132105"}],"version-history":[{"count":0,"href":"https:\/\/www.europesays.com\/es\/wp-json\/wp\/v2\/posts\/132105\/revisions"}],"wp:featuredmedia":[{"embeddable":true,"href":"https:\/\/www.europesays.com\/es\/wp-json\/wp\/v2\/media\/132106"}],"wp:attachment":[{"href":"https:\/\/www.europesays.com\/es\/wp-json\/wp\/v2\/media?parent=132105"}],"wp:term":[{"taxonomy":"category","embeddable":true,"href":"https:\/\/www.europesays.com\/es\/wp-json\/wp\/v2\/categories?post=132105"},{"taxonomy":"post_tag","embeddable":true,"href":"https:\/\/www.europesays.com\/es\/wp-json\/wp\/v2\/tags?post=132105"}],"curies":[{"name":"wp","href":"https:\/\/api.w.org\/{rel}","templated":true}]}}