{"id":132107,"date":"2025-09-22T16:12:09","date_gmt":"2025-09-22T16:12:09","guid":{"rendered":"https:\/\/www.europesays.com\/es\/132107\/"},"modified":"2025-09-22T16:12:09","modified_gmt":"2025-09-22T16:12:09","slug":"barcelona-gavi-sera-operado-por-lesion-en-el-menisco-y-fermin-lopez-causa-baja-por-lesion-muscular","status":"publish","type":"post","link":"https:\/\/www.europesays.com\/es\/132107\/","title":{"rendered":"Barcelona: Gavi ser\u00e1 operado por lesi\u00f3n en el menisco y Ferm\u00edn L\u00f3pez causa baja por lesi\u00f3n muscular"},"content":{"rendered":"<p>BARCELONA (AP) \u2014 El centrocampista Gavi se someter\u00e1 a una cirug\u00eda menor para tratar un problema de menisco en la rodilla derecha, inform\u00f3 el Barcelona el lunes.<\/p>\n<p>El club indic\u00f3 que la decisi\u00f3n de realizar el procedimiento se tom\u00f3 despu\u00e9s de que Gavi complet\u00f3 \u201cintensas pruebas de esfuerzo deportivo\u201d tras un tratamiento m\u00e1s conservador.<\/p>\n<p>\u201cLas conclusiones son que, para garantizar la mejor recuperaci\u00f3n y regreso a la din\u00e1mica competitiva, Gavi se someter\u00e1 ma\u00f1ana a una revisi\u00f3n artrosc\u00f3pica\u201d, dijo el Bar\u00e7a.<\/p>\n<p>Gavi, de 21 a\u00f1os, ha disputado dos partidos con el reinante campe\u00f3n de Espa\u00f1a esta temporada, ambos en agosto.<\/p>\n<p>El Bar\u00e7a, que el domingo venci\u00f3 3-0 al Getafe, marcha dos puntos detr\u00e1s del Real Madrid despu\u00e9s de cinco partidos de La Liga espa\u00f1ola.<\/p>\n<p>Abri\u00f3 la fase de grupos de la Liga de Campeones con una victoria 2-1 de visita a Newcastle.<\/p>\n<p>Su pr\u00f3ximo partido de La Liga ser\u00e1 una visita a Oviedo el jueves. Recibir\u00e1n al Paris-Saint Germain el 1 de octubre.<\/p>\n<p>Tambi\u00e9n el lunes, el Barcelona inform\u00f3 que el centrocampista Ferm\u00edn L\u00f3pez padece una lesi\u00f3n muscular en la pierna izquierda y estar\u00e1 fuera de juego durante unas tres semanas. Se lesion\u00f3 al final de la victoria ante Getafe.<\/p>\n<p>___<\/p>\n<p>Deportes AP: https:\/\/apnews.com\/hub\/deportes<\/p>\n","protected":false},"excerpt":{"rendered":"BARCELONA (AP) \u2014 El centrocampista Gavi se someter\u00e1 a una cirug\u00eda menor para tratar un problema de menisco&hellip;\n","protected":false},"author":2,"featured_media":132108,"comment_status":"","ping_status":"","sticky":false,"template":"","format":"standard","meta":{"footnotes":""},"categories":[93],"tags":[168,25,24,23,167],"class_list":{"0":"post-132107","1":"post","2":"type-post","3":"status-publish","4":"format-standard","5":"has-post-thumbnail","7":"category-deportes","8":"tag-deportes","9":"tag-es","10":"tag-espana","11":"tag-spain","12":"tag-sports"},"share_on_mastodon":{"url":"","error":""},"_links":{"self":[{"href":"https:\/\/www.europesays.com\/es\/wp-json\/wp\/v2\/posts\/132107","targetHints":{"allow":["GET"]}}],"collection":[{"href":"https:\/\/www.europesays.com\/es\/wp-json\/wp\/v2\/posts"}],"about":[{"href":"https:\/\/www.europesays.com\/es\/wp-json\/wp\/v2\/types\/post"}],"author":[{"embeddable":true,"href":"https:\/\/www.europesays.com\/es\/wp-json\/wp\/v2\/users\/2"}],"replies":[{"embeddable":true,"href":"https:\/\/www.europesays.com\/es\/wp-json\/wp\/v2\/comments?post=132107"}],"version-history":[{"count":0,"href":"https:\/\/www.europesays.com\/es\/wp-json\/wp\/v2\/posts\/132107\/revisions"}],"wp:featuredmedia":[{"embeddable":true,"href":"https:\/\/www.europesays.com\/es\/wp-json\/wp\/v2\/media\/132108"}],"wp:attachment":[{"href":"https:\/\/www.europesays.com\/es\/wp-json\/wp\/v2\/media?parent=132107"}],"wp:term":[{"taxonomy":"category","embeddable":true,"href":"https:\/\/www.europesays.com\/es\/wp-json\/wp\/v2\/categories?post=132107"},{"taxonomy":"post_tag","embeddable":true,"href":"https:\/\/www.europesays.com\/es\/wp-json\/wp\/v2\/tags?post=132107"}],"curies":[{"name":"wp","href":"https:\/\/api.w.org\/{rel}","templated":true}]}}