{"id":132109,"date":"2025-09-22T16:13:10","date_gmt":"2025-09-22T16:13:10","guid":{"rendered":"https:\/\/www.europesays.com\/es\/132109\/"},"modified":"2025-09-22T16:13:10","modified_gmt":"2025-09-22T16:13:10","slug":"la-sanidad-publica-madrilena-la-primera-de-espana-en-vacunar-a-mayores-frente-al-virus-que-provoca-neumonias","status":"publish","type":"post","link":"https:\/\/www.europesays.com\/es\/132109\/","title":{"rendered":"La sanidad p\u00fablica madrile\u00f1a, la primera de Espa\u00f1a en vacunar a mayores frente al virus que provoca neumon\u00edas"},"content":{"rendered":"<p>Esta nueva campa\u00f1a comenz\u00f3 a funcionar el pasado 15 de septiembre, con el objetivo de llegar a 50.000 personas de m\u00e1s de 60 a\u00f1os que viven en residencias. Tambi\u00e9n a otros 3.000 con altos factores de riesgo, como aquellos con trasplante de \u00f3rgano o de progenitores hematopoy\u00e9ticos en los dos \u00faltimos a\u00f1os.\u00a0<\/p>\n<p>Estos \u00faltimos recibir\u00e1n esta protecci\u00f3n en hospitales p\u00fablicos, tal y como ha explicado hoy la consejera de Sanidad, F\u00e1tima Matute, que ha visitado el dispositivo espec\u00edfico operativo desde la semana pasada en el complejo Universitario Gregorio Mara\u00f1\u00f3n de la capital.<\/p>\n<p>\u201cHablamos de una campa\u00f1a que va a ser de enorme utilidad porque para estas personas, contraer una infecci\u00f3n de las v\u00edas respiratorias, puede presentar complicaciones severas. Y estamos ante un colectivo especialmente expuesto a estas infecciones, pues el 40% del total de ingresos hospitalarios por VRS les afecta a ellos\u201d, ha se\u00f1alado Matute, que ha afirmado que el prop\u00f3sito es reducir un 80% estas infecciones, lo que en su opini\u00f3n \u201cconllevar\u00e1 una disminuci\u00f3n de hospitalizaciones, ingresos en UCI e incluso fallecimientos\u201d.<\/p>\n<p>En el caso de los pacientes vulnerables, el Ejecutivo auton\u00f3mico cuenta con la colaboraci\u00f3n de las Unidades de Vacunaci\u00f3n de Riesgo de los hospitales, dependientes de los servicios de Medicina Preventiva, que realizan el seguimiento de estos usuarios.<\/p>\n<p>En las residencias, la medida se est\u00e1 desarrollando con la participaci\u00f3n de los profesionales de las Unidades de Atenci\u00f3n a Residencias (UAR) adscritas a Atenci\u00f3n Primaria. Tambi\u00e9n, con la del personal de la Agencia Madrile\u00f1a de Atenci\u00f3n Social y los equipos propios de algunos de estos recursos sociosanitarios.<\/p>\n<p>Esta inmunizaci\u00f3n a adultos se ir\u00e1 ampliando a m\u00e1s colectivos partir de 2026 en funci\u00f3n de los resultados de salud alcanzados y la actualizaci\u00f3n de la evidencia cient\u00edfica que se est\u00e1 generando a nivel mundial.<\/p>\n<p><strong>La tercera a beb\u00e9s desde el 1 de octubre\u00a0<\/strong><\/p>\n<p>Por su parte, el pr\u00f3ximo 1 de octubre comenzar\u00e1 la tercera campa\u00f1a para inmunizar a 50.000 lactantes nacidos entre el 1 de abril y el 30 de septiembre de este a\u00f1o. Se realizar\u00e1 con cita previa en nueve hospitales p\u00fablicos: 12 de Octubre; Infantil Ni\u00f1o Jes\u00fas; Gregorio Mara\u00f1\u00f3n y La Paz, en la capital; Puerta de Hierro-Majadahonda; Sureste, en Arganda del Rey; M\u00f3stoles; Infanta Cristina de Parla, y del Henares, en Coslada.<\/p>\n<p>Por su parte, a los que lleguen al mundo entre el 1 de octubre y el 31 de marzo de 2026, temporada de transmisi\u00f3n del VRS, les ser\u00e1 administradas en las maternidades antes de recibir el alta hospitalaria.<\/p>\n<p><strong>Infecciones en v\u00edas respiratorias\u00a0<\/strong><\/p>\n<p>El VRS es una de las principales causas de infecci\u00f3n de las v\u00edas respiratorias.\u00a0 Aunque con frecuencia provoca s\u00edntomas leves, puede dar lugar a complicaciones graves como la bronquiolitis o la neumon\u00eda. Los casos se suelen concentrar en poblaci\u00f3n menor de 5 a\u00f1os y en particular, beb\u00e9s de menos de 1, as\u00ed como en mayores de 60, especialmente los que viven en centros residenciales. Del total de los ingresos hospitalarios por infecciones por VRS que se producen en la Comunidad de Madrid al a\u00f1o, m\u00e1s del 40% se producen en las personas mayores.<\/p>\n<p>Con esta inmunizaci\u00f3n de la sanidad p\u00fablica madrile\u00f1a, se pretende proteger a la poblaci\u00f3n m\u00e1s vulnerable frente a la infecci\u00f3n por VRS y reducir la morbilidad y mortalidad asociadas en la poblaci\u00f3n con m\u00e1s de 60 a\u00f1os.<\/p>\n","protected":false},"excerpt":{"rendered":"Esta nueva campa\u00f1a comenz\u00f3 a funcionar el pasado 15 de septiembre, con el objetivo de llegar a 50.000&hellip;\n","protected":false},"author":2,"featured_media":132110,"comment_status":"","ping_status":"","sticky":false,"template":"","format":"standard","meta":{"footnotes":""},"categories":[92],"tags":[25,24,165,166,23],"class_list":{"0":"post-132109","1":"post","2":"type-post","3":"status-publish","4":"format-standard","5":"has-post-thumbnail","7":"category-salud","8":"tag-es","9":"tag-espana","10":"tag-health","11":"tag-salud","12":"tag-spain"},"share_on_mastodon":{"url":"","error":""},"_links":{"self":[{"href":"https:\/\/www.europesays.com\/es\/wp-json\/wp\/v2\/posts\/132109","targetHints":{"allow":["GET"]}}],"collection":[{"href":"https:\/\/www.europesays.com\/es\/wp-json\/wp\/v2\/posts"}],"about":[{"href":"https:\/\/www.europesays.com\/es\/wp-json\/wp\/v2\/types\/post"}],"author":[{"embeddable":true,"href":"https:\/\/www.europesays.com\/es\/wp-json\/wp\/v2\/users\/2"}],"replies":[{"embeddable":true,"href":"https:\/\/www.europesays.com\/es\/wp-json\/wp\/v2\/comments?post=132109"}],"version-history":[{"count":0,"href":"https:\/\/www.europesays.com\/es\/wp-json\/wp\/v2\/posts\/132109\/revisions"}],"wp:featuredmedia":[{"embeddable":true,"href":"https:\/\/www.europesays.com\/es\/wp-json\/wp\/v2\/media\/132110"}],"wp:attachment":[{"href":"https:\/\/www.europesays.com\/es\/wp-json\/wp\/v2\/media?parent=132109"}],"wp:term":[{"taxonomy":"category","embeddable":true,"href":"https:\/\/www.europesays.com\/es\/wp-json\/wp\/v2\/categories?post=132109"},{"taxonomy":"post_tag","embeddable":true,"href":"https:\/\/www.europesays.com\/es\/wp-json\/wp\/v2\/tags?post=132109"}],"curies":[{"name":"wp","href":"https:\/\/api.w.org\/{rel}","templated":true}]}}