{"id":132111,"date":"2025-09-22T16:14:07","date_gmt":"2025-09-22T16:14:07","guid":{"rendered":"https:\/\/www.europesays.com\/es\/132111\/"},"modified":"2025-09-22T16:14:07","modified_gmt":"2025-09-22T16:14:07","slug":"diaz-ayuso-entrega-la-medalla-internacional-de-las-artes-y-los-premios-de-cultura-2025-la-comunidad-de-madrid-esta-al-servicio-de-espana-por-una-cultura-libre-y-plural-comunidad-de-madrid","status":"publish","type":"post","link":"https:\/\/www.europesays.com\/es\/132111\/","title":{"rendered":"D\u00edaz Ayuso entrega la Medalla Internacional de las Artes y los Premios de Cultura 2025: \u201cLa Comunidad de Madrid est\u00e1 al servicio de Espa\u00f1a por una cultura libre y plural &#8211; Comunidad de Madrid |"},"content":{"rendered":"<ol>\n<li><a href=\"https:\/\/news.google.com\/rss\/articles\/CBMi_wFBVV95cUxQbUFjcHc0NFUyaXgzN1RmblktT0FUMmNGcUNVT2I3YUNjM3MxT01IaDFvWkFTTVB0UFBIUlgxWWd1dWZOTWhSd09HNDc2SlhLNmdPQ2gzSmRTMjFRRHBYejBQd0ZOQl9lSnBxOGJ3UkQzLVNhX3daNm5pWVl6WU1JTkhXcXBnUUdNeVZLWW16UENuUnhpMy1OVkhBaVN1bFp4Y0MzVXkwcU5UMEJaa1pPVnRFWjhybUl6VEF4SnViVTdIUlBxVWNscTVLeEk3ZENKZWVxa0FRbWFLUmRPS2VoeThVczl3SmN5YThsanNtdXZ3RTc0dFlGdkZPZjFoMUk?oc=5\" target=\"_blank\" rel=\"nofollow noopener\">D\u00edaz Ayuso entrega la Medalla Internacional de las Artes y los Premios de Cultura 2025: \u201cLa Comunidad de Madrid est\u00e1 al servicio de Espa\u00f1a por una cultura libre y plural<\/a>&nbsp;&nbsp;Comunidad de Madrid |<\/li>\n<li><a href=\"https:\/\/news.google.com\/rss\/articles\/CBMitwFBVV95cUxNS09JQ2s3VHFSSzNvMXFsYVlieE52Y1lUendVZ1h3TEdaQWVneGNoY084Vl94UmVMOUJ4dHhkc3RDWmxCd2VndG9lellBa0pPRk1jNmFZcjFrS3J4dVVrOGR1aGpTWThWNGFpWTdwV2VlV2hwbFZkSG9JODBnNHNJVnpsa2c3YTAtY0MxXzRKM01tNTlDMmVtNkxuZ1huRXlXdktOUlVpb2JtVTViT2dfRFdIVjVuN1XSAbwBQVVfeXFMUGs3NUNCYTZUTy05eWc0QThUQ1ptbGx6c0hacDdXU3JiTWt1MWtrYzJGemFOR25IYjA2dVJINlRUUlA2Qjd2MG94LS04aTNyQVJwbm15dTNHcm1XdHBmZW1JNDBQT0VSU2lVYmwwUlBPVHNxTllMZG03ZHREUXVHdVdJYWdOV3Y5ZjhsYnlvYkQ0S1NQLTJzNlZqRFdRdjdDTkF0TEpOcXBSMEJpZVNxV1UzMGYxYkNpZm1mYWU?oc=5\" target=\"_blank\" rel=\"nofollow noopener\">Isabel D\u00edaz Ayuso ha llevado el traje 24\/7 ideal para mujeres trabajadoras que quieren vida social<\/a>&nbsp;&nbsp;Vanitatis<\/li>\n<li><a href=\"https:\/\/news.google.com\/rss\/articles\/CBMi1wFBVV95cUxQQWJfYlVmWC1HQW9SSS16ZkJKSmxTTXFPLTdNNkVKT0kyZ2puNERQbVBlZ1piMlVKS2pPeU9CTXlWSnVmY2VneVVGTVlUQWpfQTc2MUFQTnYzSkwtaUVTUEZWemJ5UzB2aHcwWGlCRDh4YnVtMkxlRnZkdXpRVWpseFQ0UlhPVWdvR1RSMmJEdWxFdWFXYkNENm5KZ0t3OUd3dm5laEJNbHh0c1NMaU1NUkFUUndJekllOHZVR2RoVmluY2xFeDkzV3lUMHlJWVNqLWNIdEhTUdIB3AFBVV95cUxQV2NaZGo1bFcwZkttSkxfNmNicklFQ3Z6aDBhNjZIZGhtRWRiU3U5ZVpPenJ3UE9nQktvOXMxTmZxWWhPbW1jc1FLeUw3U1RUY3YxcnpJV3ljZ2dTYmZuTW9qNzVUVHJOYlhTLVVjcDRxNkZDMy12dzdUTmVQVU1BbGpXR2JjZEhfMW9WMTdZRFRNTEYzZnMtTFo4UkZXRzNUclZsdlNmTDZPVHRGRGxUTDF4ejRmX2htaDQyNElHOUViVlppZGszMUdkOEZsblJNVnZleE5RbWNfOGVG?oc=5\" target=\"_blank\" rel=\"nofollow noopener\">Gran ovaci\u00f3n a Alfonso Uss\u00eda en los Premios de Cultura de Madrid: \u00abQue se escuche en Santander este aplauso\u00bb<\/a>&nbsp;&nbsp;El Debate<\/li>\n<li><a href=\"https:\/\/news.google.com\/rss\/articles\/CBMiiAJBVV95cUxORUxodVo4bU84Q0p1d3FRSjMwYndVekNHME1zNVZKVXJxX3I4VjVmSi1mdEMyTUs5SmRIQS0zbjNWcXh0UjJjSDNmOWl2UUpwbjVJRW1FYWlUN29vVHZUaWxmUjVFbTdoRm1UNXRhaUNiQjZfTFdqTmJkaGZkQXNnR0I0UXhNOGJGZWlZTGlURUNPWHVmZEJ1dWplX2IxV1NjaDhEQ3lpdmRXT1ktQmZ2WkhqX0xVbVliQzhHcXFTZjh3djk4S05laEJEV3JHN2tibTFqeXVMZUZtdDdvY2VHNnRPbFpSRnAxR2MyUloyTXJkdnVSOWVyUGswRWZKRmpmc0xaWS1rTFLSAY4CQVVfeXFMTzRDTjNMMjUtVWRzWkcwYmlUN0c1MDVVSHNoTnFOU2ItMHhtdVhIMmtUT2dyR3cwU0NtNVZzX1NSV2hyWm5GV1pRN2JvMmZ3REI3TGZuUnpCd3VYR2twTzBpR2dJSk91QmhhU1NHaWIyclNmMERIQjdLVko3eV9BUDFYY1pidmFRLW9namdRTldDS1dOMU9NcVkwX0NvOUJIby1MWnJBUmVLaEVlNnUzODlRY0FMWGV4aHgwVkNxNHVxclIwdFlfX0pycDN5S3B6aFZtalNtU2JOTDFScHlaUm1jTVJ3bG5PdW52Y09UMzk2Vno3Sl9MbElpVzA1TXN6WExxLW5CcnhEdjMwZFRn?oc=5\" target=\"_blank\" rel=\"nofollow noopener\">Ayuso preside la entrega de la Medalla Internacional de las Artes y los Premios de Cultura 2025<\/a>&nbsp;&nbsp;Telemadrid<\/li>\n<li><a href=\"https:\/\/news.google.com\/rss\/articles\/CBMilwJBVV95cUxPSDZLQTFqVEtwOGJtVWRpRmtwbFpnbTdzT1VHWDZYMUNEWjBOOVJma0xJNGFQQkNtMXRGVHdpdEFDc3pZNlMtOUltS1FJOWhWSnpNWGVzbkpFNTZic0FIa3M5MGpudU8yeWVSY2gxQk5VMlVnczFrVW9yQXh0Tk1GTDFnUzVDZWxwVkllaHloSk11T0xwYmpmblBUS05UX0R2aFdSRlNhZTBlYjlIcHloZGhvMFU4ZXBBaFJ3VjlXVk9sMU1oaHNldjJFdVNOd1UwRllRc1RfUzRMMU1wbVkxT3kzWGRVM3hjLXRpS1F4Nm5McWFKeDZwQ3lmX1NVcVlla1lfNW5MT3hZM1hYSWgtRWRyR2c1ZWvSAYICQVVfeXFMTzZOdmhVTmVISzdWSlRvdFhuTGp2c1JrMmstMHZZZ2h6S1lSWTZ6RFQ4bWVjVVBidXZfWHhBdXRVaW9nTlBSRlQwSDk0QmtyTE5Ec1BLdGNHcFF2TDRId0sxUmRUTzBaNXQ2T0R1NktGQUtrcVFYUVdFZXUzclZvNlR5WTZXTEpwRGFEN0RhNmpwWkx5NV9Nd29teUMwV0JTblVOeG9wenNXMGRHdXE0SW1IdC1WeldNcGZBbUF4Wnd2LW4yYmF0M09nVUdwUlY3TjBRN2p5dUt1N1V0OWs2NzV2NkxJUHM4dzBIc19Zems0WERnbV9aM2V1YXRwY3k0Tjl3?oc=5\" target=\"_blank\" rel=\"nofollow noopener\">Ayuso entrega los premios de Cultura: las l\u00e1grimas de Ram\u00f3n Arcusa, tributo a Marisa Paredes y los 50 a\u00f1os de Zara<\/a>&nbsp;&nbsp;El Economista<\/li>\n<\/ol>\n","protected":false},"excerpt":{"rendered":"D\u00edaz Ayuso entrega la Medalla Internacional de las Artes y los Premios de Cultura 2025: \u201cLa Comunidad de&hellip;\n","protected":false},"author":2,"featured_media":128102,"comment_status":"","ping_status":"","sticky":false,"template":"","format":"standard","meta":{"footnotes":""},"categories":[91],"tags":[146,147,25,24,23],"class_list":{"0":"post-132111","1":"post","2":"type-post","3":"status-publish","4":"format-standard","5":"has-post-thumbnail","7":"category-entretenimiento","8":"tag-entertainment","9":"tag-entretenimiento","10":"tag-es","11":"tag-espana","12":"tag-spain"},"share_on_mastodon":{"url":"","error":""},"_links":{"self":[{"href":"https:\/\/www.europesays.com\/es\/wp-json\/wp\/v2\/posts\/132111","targetHints":{"allow":["GET"]}}],"collection":[{"href":"https:\/\/www.europesays.com\/es\/wp-json\/wp\/v2\/posts"}],"about":[{"href":"https:\/\/www.europesays.com\/es\/wp-json\/wp\/v2\/types\/post"}],"author":[{"embeddable":true,"href":"https:\/\/www.europesays.com\/es\/wp-json\/wp\/v2\/users\/2"}],"replies":[{"embeddable":true,"href":"https:\/\/www.europesays.com\/es\/wp-json\/wp\/v2\/comments?post=132111"}],"version-history":[{"count":0,"href":"https:\/\/www.europesays.com\/es\/wp-json\/wp\/v2\/posts\/132111\/revisions"}],"wp:featuredmedia":[{"embeddable":true,"href":"https:\/\/www.europesays.com\/es\/wp-json\/wp\/v2\/media\/128102"}],"wp:attachment":[{"href":"https:\/\/www.europesays.com\/es\/wp-json\/wp\/v2\/media?parent=132111"}],"wp:term":[{"taxonomy":"category","embeddable":true,"href":"https:\/\/www.europesays.com\/es\/wp-json\/wp\/v2\/categories?post=132111"},{"taxonomy":"post_tag","embeddable":true,"href":"https:\/\/www.europesays.com\/es\/wp-json\/wp\/v2\/tags?post=132111"}],"curies":[{"name":"wp","href":"https:\/\/api.w.org\/{rel}","templated":true}]}}