{"id":132112,"date":"2025-09-22T16:15:09","date_gmt":"2025-09-22T16:15:09","guid":{"rendered":"https:\/\/www.europesays.com\/es\/132112\/"},"modified":"2025-09-22T16:15:09","modified_gmt":"2025-09-22T16:15:09","slug":"el-aviso-de-la-nasa-para-el-que-no-estamos-preparados","status":"publish","type":"post","link":"https:\/\/www.europesays.com\/es\/132112\/","title":{"rendered":"el aviso de la NASA para el que no estamos preparados"},"content":{"rendered":"<p>Desde la antig\u00fcedad, la <strong>humanidad<\/strong> es consciente de que el <strong>Sol<\/strong> es el aut\u00e9ntico motor de la vida en la <a href=\"https:\/\/okdiario.com\/ciencia\/mitad-seres-humanos-vivos-tierra-proceden-del-mismo-pueblo-14427347\" rel=\"nofollow noopener\" target=\"_blank\">Tierra<\/a>. Sin embargo, lo que a simple vista parece una estrella estable y predecible es en realidad un astro sujeto a variaciones peri\u00f3dicas y repentinas que los cient\u00edficos a\u00fan tratan comprender. En los \u00faltimos a\u00f1os, una investigaci\u00f3n de la <strong>NASA<\/strong> ha confirmado que \u00a0el Sol est\u00e1 mostrando un repunte sostenido de actividad. Este cambio,\u00a0descrito por los investigadores como una se\u00f1al de que el Sol est\u00e1 \u00abdespertando\u00bb, podr\u00eda tener consecuencias significativas tanto para la Tierra como para el desarrollo de la <strong>exploraci\u00f3n espacial<\/strong>.<\/p>\n<p>Desde mediados del siglo XX, los astr\u00f3nomos han identificado un ciclo de aproximadamente 11 a\u00f1os en la <strong>actividad solar<\/strong> y, tras el m\u00ednimo solar de 2008, la <a href=\"https:\/\/okdiario.com\/ciencia\/cientificos-confirman-fecha-tierra-tendra-oceano-nuevo-abrir-cerrar-ojos-14073336\" rel=\"nofollow noopener\" target=\"_blank\">comunidad cient\u00edfica<\/a> asumi\u00f3 que el Sol entraba en un per\u00edodo de calma. Sin embargo, los \u00faltimos datos han sorprendido a los investigadores, ya que el astro rey ha intensificado su actividad.<\/p>\n<p>El estudio de la NASA que lo cambi\u00f3 todo<\/p>\n<p>El hallazgo fue presentado en un art\u00edculo de The Astrophysical Journal Letters de la mano un equipo liderado por Jamie Jasinski, del <strong>Laboratorio de Propulsi\u00f3n a Chorro (JPL)<\/strong> de la NASA. Los investigadores analizaron series temporales de par\u00e1metros solares recopilados en la plataforma OMNIWeb Plus, una base de datos del Centro de Vuelo Espacial Goddard que re\u00fane informaci\u00f3n de m\u00faltiples misiones, como el Explorador de Composici\u00f3n Avanzada (ACE) y el sat\u00e9lite Wind.<\/p>\n<p>Los resultados son claros: entre 2008 y 2025, las mediciones reflejan un <strong>aumento de la velocidad del viento solar en torno a un 6%<\/strong>, un incremento de su densidad de aproximadamente 26% y una subida de la temperatura cercana al 29%. A estos datos se suman variaciones m\u00e1s notables: la presi\u00f3n din\u00e1mica se ha elevado un 34%, la presi\u00f3n t\u00e9rmica un 45% y el flujo de energ\u00eda un 40%.<\/p>\n<p>El campo magn\u00e9tico interplanetario tambi\u00e9n ha mostrado cambios significativos: la magnitud general ha crecido un 31%, y el componente radial, un 33%. En palabras de <strong>Jasinski<\/strong>: \u00abTodo apuntaba a que el Sol entrar\u00eda en una fase prolongada de baja actividad. As\u00ed que fue una sorpresa ver que esa tendencia se revirti\u00f3. El Sol est\u00e1 despertando lentamente\u00bb.<\/p>\n<p>Lo que en realidad describen los cient\u00edficos es un aumento en la cantidad de <strong>energ\u00eda y part\u00edculas que el Sol expulsa al espacio<\/strong>. Cuando la actividad solar se intensifica, el viento solar, formado por part\u00edculas cargadas como protones y electrones, se vuelve m\u00e1s denso y r\u00e1pido. Asimismo, las erupciones solares y las eyecciones de masa coronal (CME) se vuelven m\u00e1s frecuentes y potentes, liberando enormes cantidades de energ\u00eda.<\/p>\n<p>Para la Tierra, estos cambios no implican un riesgo inmediato, pero s\u00ed representan un gran desaf\u00edo para las infraestructuras modernas. El GPS y otras tecnolog\u00edas de posicionamiento pueden sufrir errores temporales por la <strong>alteraci\u00f3n de las se\u00f1ales de radio<\/strong>.<\/p>\n<p>La NASA, junto a la <strong>Administraci\u00f3n Nacional Oce\u00e1nica y Atmosf\u00e9rica (NOAA)<\/strong>, ha desplegado una flota de misiones para vigilar continuamente la actividad solar. Entre ellas destacan ACE, Wind, el Observatorio Geocorona de Carruthers y la futura misi\u00f3n IMAP (Interstellar Mapping and Acceleration Probe), que ofrecer\u00e1 datos sin precedentes sobre la interacci\u00f3n entre el viento solar y el medio interestelar.<\/p>\n<p>\u00abDesconocemos realmente por qu\u00e9 el Sol experiment\u00f3 un m\u00ednimo de 40 a\u00f1os a partir de 1790. Las tendencias a largo plazo son mucho menos predecibles y a\u00fan no las comprendemos del todo.Pero la tendencia a la disminuci\u00f3n del viento solar ces\u00f3, y desde entonces los par\u00e1metros del plasma y del campo magn\u00e9tico han aumentado de forma constante\u00bb, afirm\u00f3 Jasinski.<\/p>\n<p>Evento Carrington<\/p>\n<p>El <strong>Evento Carrington<\/strong>, que tuvo lugar en septiembre de 1859, es considerado la tormenta solar m\u00e1s intensa registrada en la historia moderna. Su nombre proviene del astr\u00f3nomo brit\u00e1nico Richard Carrington, quien observ\u00f3 una poderosa erupci\u00f3n solar que liber\u00f3 una enorme eyecci\u00f3n de masa coronal (CME) dirigida hacia la Tierra.<\/p>\n<p>Apenas 17 horas despu\u00e9s, las part\u00edculas energ\u00e9ticas alcanzaron la Tierra. Las <strong>auroras boreales<\/strong> y australes se hicieron visibles en latitudes ins\u00f3litas, desde el Caribe hasta el sur de Europa, y se registraron incendios en oficinas de tel\u00e9grafo, entre otras muchas consecuencias. Si un evento de esta magnitud ocurriera hoy, podr\u00eda afectar gravemente sat\u00e9lites, redes el\u00e9ctricas y sistemas de navegaci\u00f3n.<\/p>\n<p>\u00abCerca de 17 horas m\u00e1s tarde, nuestro planeta recibi\u00f3 la embestida de miles de millones de toneladas de plasma solar. El evento interrumpi\u00f3 los sistemas telegr\u00e1ficos globales. El problema es que en el siglo XIX, los tel\u00e9grafos eran entonces la gran red de comunicaciones de la \u00e9poca y se produjeron situaciones ins\u00f3litas en todo el mundo; algunos llegaron a incendiarse, mientras los operadores sufr\u00edan descargas el\u00e9ctricas. La red de tel\u00e9grafos se cay\u00f3 durante 14 horas en toda Europa y en Estados Unidos, y, para sorpresa de todos, debido a la sobrecarga de electricidad en la atm\u00f3sfera, algunos tel\u00e9grafos enviaban mensajes de larga distancia sin la ayuda de las bater\u00edas\u00bb, recoge National Geographic.<\/p>\n","protected":false},"excerpt":{"rendered":"Desde la antig\u00fcedad, la humanidad es consciente de que el Sol es el aut\u00e9ntico motor de la vida&hellip;\n","protected":false},"author":2,"featured_media":132113,"comment_status":"","ping_status":"","sticky":false,"template":"","format":"standard","meta":{"footnotes":""},"categories":[81],"tags":[119,123,124,25,24,117,121,122,23,118,120],"class_list":{"0":"post-132112","1":"post","2":"type-post","3":"status-publish","4":"format-standard","5":"has-post-thumbnail","7":"category-ciencia-y-tecnologia","8":"tag-ciencia","9":"tag-ciencia-y-tecnologia","10":"tag-cienciaytecnologia","11":"tag-es","12":"tag-espana","13":"tag-science","14":"tag-science-and-technology","15":"tag-scienceandtechnology","16":"tag-spain","17":"tag-technology","18":"tag-tecnologia"},"share_on_mastodon":{"url":"","error":""},"_links":{"self":[{"href":"https:\/\/www.europesays.com\/es\/wp-json\/wp\/v2\/posts\/132112","targetHints":{"allow":["GET"]}}],"collection":[{"href":"https:\/\/www.europesays.com\/es\/wp-json\/wp\/v2\/posts"}],"about":[{"href":"https:\/\/www.europesays.com\/es\/wp-json\/wp\/v2\/types\/post"}],"author":[{"embeddable":true,"href":"https:\/\/www.europesays.com\/es\/wp-json\/wp\/v2\/users\/2"}],"replies":[{"embeddable":true,"href":"https:\/\/www.europesays.com\/es\/wp-json\/wp\/v2\/comments?post=132112"}],"version-history":[{"count":0,"href":"https:\/\/www.europesays.com\/es\/wp-json\/wp\/v2\/posts\/132112\/revisions"}],"wp:featuredmedia":[{"embeddable":true,"href":"https:\/\/www.europesays.com\/es\/wp-json\/wp\/v2\/media\/132113"}],"wp:attachment":[{"href":"https:\/\/www.europesays.com\/es\/wp-json\/wp\/v2\/media?parent=132112"}],"wp:term":[{"taxonomy":"category","embeddable":true,"href":"https:\/\/www.europesays.com\/es\/wp-json\/wp\/v2\/categories?post=132112"},{"taxonomy":"post_tag","embeddable":true,"href":"https:\/\/www.europesays.com\/es\/wp-json\/wp\/v2\/tags?post=132112"}],"curies":[{"name":"wp","href":"https:\/\/api.w.org\/{rel}","templated":true}]}}