{"id":132118,"date":"2025-09-22T16:18:10","date_gmt":"2025-09-22T16:18:10","guid":{"rendered":"https:\/\/www.europesays.com\/es\/132118\/"},"modified":"2025-09-22T16:18:10","modified_gmt":"2025-09-22T16:18:10","slug":"no-habra-oportunidades-como-esta","status":"publish","type":"post","link":"https:\/\/www.europesays.com\/es\/132118\/","title":{"rendered":"\u00abNo habr\u00e1 oportunidades como esta\u00bb"},"content":{"rendered":"<p><img decoding=\"async\" class=\"voc-author__img\" src=\"https:\/\/www.europesays.com\/es\/wp-content\/uploads\/2025\/09\/autor-6148-foto-6.png\" alt=\"Marina Ortiz\"\/><\/p>\n<p class=\"voc-p\" style=\"\">El <a href=\"https:\/\/new22-www.abc.es\/espana\/modo-electoral-podemos-desconcierta-resto-socios-parlamentarios-20250922171146-nt.html\" title=\"new22-www.abc.es\" data-voc-vtm-id=\"in-text-traffic\" data-mrf-link=\"new22-www.abc.es\" rel=\"nofollow noopener\" target=\"_blank\">Gobierno <\/a>espa\u00f1ol se encuentra en una situaci\u00f3n de <strong>incertidumbre y presi\u00f3n<\/strong> creciente desde hace unos d\u00edas, algo debido, en gran parte, a que no se prev\u00e9 que los Presupuestos Generales del Estado (PGE) salgan adelante y a que desde Podemos esten convencidos de que la legislatura est\u00e1 \u00abmuerta\u00bb.<\/p>\n<p class=\"voc-p\" style=\"\">Esto causa que haya aumentado la presi\u00f3n sobre Pedro S\u00e1nchez para que adelante las elecciones generales, aunque este <strong>neg\u00f3 a principios de septiembre que fuese a convocarlas antes de lo estipulado<\/strong>, dando as\u00ed a entender que aguantar\u00e1 toda su legislatura.<\/p>\n<p class=\"voc-p\" style=\"\">Diversos sectores, incluidas voces internas del propio Partido Socialista y aliados parlamentarios, han dado a conocer la opini\u00f3n de que <strong>la convocatoria de elecciones anticipadas <\/strong>ser\u00eda la \u00fanica salida viable y responsable ante la imposibilidad de gobernar con estabilidad y a la luz los de esc\u00e1ndalos que rodean al presidente y su partido, los cuales est\u00e1n siendo investigados por la justicia.<\/p>\n<p class=\"voc-p\" style=\"\">As\u00ed, aunque el momento oficial para las pr\u00f3ximas elecciones generales ser\u00eda para mitad del <strong>a\u00f1o 2027<\/strong>, cada vez parece estar m\u00e1s cerca un adelanto electoral que llevar\u00eda a todos los espa\u00f1oles a las urnas. <\/p>\n<p class=\"voc-p\" style=\"\">Aventurarse a lanzar una fecha concreta en la que podr\u00edan convocarse <strong>nuevas elecciones generales <\/strong>es algo complejo, pero los hay que se atreven e, incluso, comparten su opini\u00f3n con bastante seguridad. <\/p>\n<p>\nJos\u00e9 Manuel Soto, claro sobre cu\u00e1ndo cree que Pedro S\u00e1nchez convocar\u00e1 elecciones\n<\/p>\n<p class=\"voc-p\" style=\"\">Este es el caso de Jos\u00e9 Manuel Soto, artista sevillano que suele compartir su opini\u00f3n personal sobre todo tipo de temas en la red social X. En este caso, Soto public\u00f3 un mensaje el pasado 21 de septiembre en el que expresaba que<strong> ve claro un adelanto electoral y, adem\u00e1s, indica cuando piensa \u00e9l que se dar\u00e1<\/strong>: <\/p>\n<p class=\"voc-p\" style=\"\">\u00abCreo que habr\u00e1 elecciones <strong>en Navidad<\/strong>, no por los presupuestos\u00bb comienza escribiendo el cantautor, que descarta que la no aprobaci\u00f3n de los PGE sea el motivo que llevase al presidente a ir en contra de sus propias palabras y adelantar los comicios.<\/p>\n<blockquote class=\"twitter-tweet\">\n<p lang=\"es\" dir=\"ltr\">Creo q habr\u00e1 elecciones en Navidad, no por los presupuestos. S\u00e1nchez piensa q el desastre de Gaza y la subida de VOX le favorecen, y de paso podr\u00e1 obtener un respiro judicial en oto\u00f1o q le vendr\u00e1 bien.<br \/>Sabe q el tiempo corre en contra suya y q no habr\u00e1 oportunidades como esta.<\/p>\n<p>\u2014 Jose Manuel Soto (@JOSEMANUELSOTO1) <a href=\"https:\/\/twitter.com\/JOSEMANUELSOTO1\/status\/1969704126570213512?ref_src=twsrc%5Etfw\" rel=\"nofollow noopener\" target=\"_blank\">September 21, 2025<\/a><\/p><\/blockquote>\n<p class=\"voc-p\" style=\"\">\u00abS\u00e1nchez piensa que el desastre de Gaza y la subida de VOX le favorecen, y de paso podr\u00e1 obtener un respiro judicial en oto\u00f1o que le vendr\u00e1 bien. <strong>Sabe que el tiempo corre en contra suya y que no habr\u00e1 oportunidades como esta<\/strong>\u00bb, escribe Soto. <\/p>\n<p class=\"voc-p\" style=\"\">Con estas palabras, el cantante se aventura a suponer lo que hay en la cabeza del l\u00eddel del PSOE y a <strong>adelantar sus posibles movimientos<\/strong> de cara a conservar su permanencia en la presidencia de Espa\u00f1a. Habr\u00e1 que esperar para comprobar si las conjeturas de Jos\u00e9 Manuel Soto son, o no, acertadas.<\/p>\n<p>Reportar un error<\/p>\n<p><script async src=\"https:\/\/platform.twitter.com\/widgets.js\" charset=\"utf-8\"><\/script><\/p>\n","protected":false},"excerpt":{"rendered":"El Gobierno espa\u00f1ol se encuentra en una situaci\u00f3n de incertidumbre y presi\u00f3n creciente desde hace unos d\u00edas, algo&hellip;\n","protected":false},"author":2,"featured_media":132119,"comment_status":"","ping_status":"","sticky":false,"template":"","format":"standard","meta":{"footnotes":""},"categories":[8],"tags":[17,18,42213,4374,25,24,13,14,42214,11,2467,19,20,841,9,10,15,16,13041,1822,7411,199,4760,27222,23,12,21,22],"class_list":{"0":"post-132118","1":"post","2":"type-post","3":"status-publish","4":"format-standard","5":"has-post-thumbnail","7":"category-espana","8":"tag-breaking-news","9":"tag-breakingnews","10":"tag-convocar","11":"tag-elecciones","12":"tag-es","13":"tag-espana","14":"tag-featured-news","15":"tag-featurednews","16":"tag-generales","17":"tag-headlines","18":"tag-jose","19":"tag-latest-news","20":"tag-latestnews","21":"tag-manuel","22":"tag-news","23":"tag-noticias","24":"tag-noticias-destacadas","25":"tag-noticiasdestacadas","26":"tag-oportunidades","27":"tag-pedro","28":"tag-proximas","29":"tag-sanchez","30":"tag-seguro","31":"tag-soto","32":"tag-spain","33":"tag-titulares","34":"tag-ultimas-noticias","35":"tag-ultimasnoticias"},"share_on_mastodon":{"url":"","error":""},"_links":{"self":[{"href":"https:\/\/www.europesays.com\/es\/wp-json\/wp\/v2\/posts\/132118","targetHints":{"allow":["GET"]}}],"collection":[{"href":"https:\/\/www.europesays.com\/es\/wp-json\/wp\/v2\/posts"}],"about":[{"href":"https:\/\/www.europesays.com\/es\/wp-json\/wp\/v2\/types\/post"}],"author":[{"embeddable":true,"href":"https:\/\/www.europesays.com\/es\/wp-json\/wp\/v2\/users\/2"}],"replies":[{"embeddable":true,"href":"https:\/\/www.europesays.com\/es\/wp-json\/wp\/v2\/comments?post=132118"}],"version-history":[{"count":0,"href":"https:\/\/www.europesays.com\/es\/wp-json\/wp\/v2\/posts\/132118\/revisions"}],"wp:featuredmedia":[{"embeddable":true,"href":"https:\/\/www.europesays.com\/es\/wp-json\/wp\/v2\/media\/132119"}],"wp:attachment":[{"href":"https:\/\/www.europesays.com\/es\/wp-json\/wp\/v2\/media?parent=132118"}],"wp:term":[{"taxonomy":"category","embeddable":true,"href":"https:\/\/www.europesays.com\/es\/wp-json\/wp\/v2\/categories?post=132118"},{"taxonomy":"post_tag","embeddable":true,"href":"https:\/\/www.europesays.com\/es\/wp-json\/wp\/v2\/tags?post=132118"}],"curies":[{"name":"wp","href":"https:\/\/api.w.org\/{rel}","templated":true}]}}