{"id":13212,"date":"2025-07-30T05:09:20","date_gmt":"2025-07-30T05:09:20","guid":{"rendered":"https:\/\/www.europesays.com\/es\/13212\/"},"modified":"2025-07-30T05:09:20","modified_gmt":"2025-07-30T05:09:20","slug":"berrocal-estrena-servicio-de-biblioteca-en-su-piscina-municipal-para-fomentar-la-lectura-estival","status":"publish","type":"post","link":"https:\/\/www.europesays.com\/es\/13212\/","title":{"rendered":"Berrocal estrena servicio de biblioteca en su piscina municipal para fomentar la lectura estival"},"content":{"rendered":"<p data-start=\"327\" data-end=\"611\">Este verano, los chapuzones y las p\u00e1ginas se dan la mano en\u00a0<strong data-start=\"400\" data-end=\"412\">Berrocal<\/strong>, donde el Ayuntamiento ha puesto en marcha un\u00a0<strong data-start=\"459\" data-end=\"515\">nuevo servicio de biblioteca en la Piscina Municipal<\/strong>, con el objetivo de fomentar la lectura entre vecinos y visitantes durante los meses estivales.<\/p>\n<p data-start=\"613\" data-end=\"933\">La iniciativa se desarrolla gracias a la incorporaci\u00f3n de\u00a0<strong data-start=\"671\" data-end=\"687\">Pablo Garc\u00eda<\/strong>, estudiante universitario que participa en el\u00a0<strong data-start=\"734\" data-end=\"759\">programa Campus Rural<\/strong>, impulsado por el Ministerio para la Transici\u00f3n Ecol\u00f3gica y el Reto Demogr\u00e1fico (MITECO), y que tiene como objetivo reforzar el v\u00ednculo entre el entorno rural y los j\u00f3venes.<\/p>\n<p data-start=\"935\" data-end=\"1202\">El nuevo punto de lectura estar\u00e1 disponible en el recinto de la piscina\u00a0<strong data-start=\"1007\" data-end=\"1054\">los martes y jueves, de 18:00 a 20:00 horas<\/strong>, donde los usuarios podr\u00e1n\u00a0<strong data-start=\"1082\" data-end=\"1126\">tomar prestados libros de forma gratuita<\/strong>, descubrir nuevas lecturas y disfrutar del verano tambi\u00e9n desde las letras.<\/p>\n<p data-start=\"1558\" data-end=\"1778\">La propuesta busca tambi\u00e9n\u00a0<strong data-start=\"1585\" data-end=\"1615\">dinamizar el entorno rural<\/strong>\u00a0y reforzar la idea de que la cultura y el acceso a los libros deben estar presentes en todos los rincones, incluidos aquellos m\u00e1s alejados de los n\u00facleos urbanos.<\/p>\n<p data-start=\"1780\" data-end=\"1910\">El servicio ya est\u00e1 en funcionamiento y abierto a todos los p\u00fablicos. Solo queda elegir libro\u2026 y sumergirse en una buena historia.<\/p>\n<p data-start=\"935\" data-end=\"1202\">\u00a0<\/p>\n","protected":false},"excerpt":{"rendered":"Este verano, los chapuzones y las p\u00e1ginas se dan la mano en\u00a0Berrocal, donde el Ayuntamiento ha puesto en&hellip;\n","protected":false},"author":2,"featured_media":13213,"comment_status":"","ping_status":"","sticky":false,"template":"","format":"standard","meta":{"footnotes":""},"categories":[172],"tags":[9039,224,146,147,25,24,225,23],"class_list":{"0":"post-13212","1":"post","2":"type-post","3":"status-publish","4":"format-standard","5":"has-post-thumbnail","7":"category-libros","8":"tag-berrocal","9":"tag-books","10":"tag-entertainment","11":"tag-entretenimiento","12":"tag-es","13":"tag-espana","14":"tag-libros","15":"tag-spain"},"share_on_mastodon":{"url":"","error":""},"_links":{"self":[{"href":"https:\/\/www.europesays.com\/es\/wp-json\/wp\/v2\/posts\/13212","targetHints":{"allow":["GET"]}}],"collection":[{"href":"https:\/\/www.europesays.com\/es\/wp-json\/wp\/v2\/posts"}],"about":[{"href":"https:\/\/www.europesays.com\/es\/wp-json\/wp\/v2\/types\/post"}],"author":[{"embeddable":true,"href":"https:\/\/www.europesays.com\/es\/wp-json\/wp\/v2\/users\/2"}],"replies":[{"embeddable":true,"href":"https:\/\/www.europesays.com\/es\/wp-json\/wp\/v2\/comments?post=13212"}],"version-history":[{"count":0,"href":"https:\/\/www.europesays.com\/es\/wp-json\/wp\/v2\/posts\/13212\/revisions"}],"wp:featuredmedia":[{"embeddable":true,"href":"https:\/\/www.europesays.com\/es\/wp-json\/wp\/v2\/media\/13213"}],"wp:attachment":[{"href":"https:\/\/www.europesays.com\/es\/wp-json\/wp\/v2\/media?parent=13212"}],"wp:term":[{"taxonomy":"category","embeddable":true,"href":"https:\/\/www.europesays.com\/es\/wp-json\/wp\/v2\/categories?post=13212"},{"taxonomy":"post_tag","embeddable":true,"href":"https:\/\/www.europesays.com\/es\/wp-json\/wp\/v2\/tags?post=13212"}],"curies":[{"name":"wp","href":"https:\/\/api.w.org\/{rel}","templated":true}]}}