{"id":132122,"date":"2025-09-22T16:21:22","date_gmt":"2025-09-22T16:21:22","guid":{"rendered":"https:\/\/www.europesays.com\/es\/132122\/"},"modified":"2025-09-22T16:21:22","modified_gmt":"2025-09-22T16:21:22","slug":"galeria-de-imagenes-tres-nombres-seis-toros-y-una-plaza-de-la-glorieta-rendida-a-la-emocion","status":"publish","type":"post","link":"https:\/\/www.europesays.com\/es\/132122\/","title":{"rendered":"Galer\u00eda de im\u00e1genes: Tres nombres, seis toros y una plaza de La Glorieta rendida a la emoci\u00f3n"},"content":{"rendered":"<p data-start=\"484\" data-end=\"865\">La Glorieta ha despedido su feria envuelta en un aire de expectaci\u00f3n que se palpaba desde los accesos a la plaza hasta el \u00faltimo tendido. No fue solo una corrida m\u00e1s: la tarde del 21 de septiembre se\u00a0ha convertido en un ritual colectivo donde cada aficionado llev\u00f3 consigo la ilusi\u00f3n y el juicio, dispuesto a medir a los toreros no solo por lo que hacen, sino por lo que significan. Tambi\u00e9n a los toros, de distintas ganader\u00edas, escogidos en principio con mimo uno por uno para la cita.<\/p>\n<p data-start=\"867\" data-end=\"1267\"><strong>Morante de la Puebla<\/strong> volvi\u00f3 a dividir las aguas, como casi siempre, aunque esta vez con muchas <strong>m\u00e1s voces favorables y es que es evidente que un simple pase del de La Puebla levanta voces y tendidos<\/strong>. Hubo quienes aguardaron ese muletazo eterno que justifica una feria entera, y otros que miraron con la severidad de quien no perdona los caprichos del destino en forma de espada. Pero lo cierto es que<strong> cada vez que se ajusta la muleta, la plaza se recoge en un silencio reverente<\/strong>, convencida de que en cualquier instante pod\u00eda surgir<strong> el milagro del arte.<\/strong><\/p>\n<p data-start=\"1269\" data-end=\"1693\"><strong>Talavante<\/strong>, en cambio,\u00a0es recibido con <strong>esa mezcla de intriga y confianza<\/strong> que arrastra desde su regreso. Sus seguidores celebran cada destello de creatividad, cada gesto personal\u00edsimo que levanta murmullos de admiraci\u00f3n. Sus detractores no dejan de ponerle lupa, buscando la irregularidad. Pero entre unos y otros, <strong>la plaza entera reconoce que el extreme\u00f1o<\/strong>\u00a0sabe moverse entre riesgo y\u00a0plasticidad.<\/p>\n<p data-start=\"1695\" data-end=\"2042\"><strong>Borja Jim\u00e9nez<\/strong> complet\u00f3 la tarde con la frescura de quien llega a un terreno donde ya ha demostrado su val\u00eda. Se gana partidarios con su entrega\u00a0y de quienes\u00a0se mantienen seguros de que encarna la promesa de un toreo y sereno. Otros, m\u00e1s prudentes, observaron con cautela, aunque no pudieron negar que el sevillano<strong> deja la impronta<\/strong> de un torero en plenitud.<\/p>\n<p data-start=\"2044\" data-end=\"2468\">El<strong> ambiente, m\u00e1s all\u00e1 de las embestidas, fue el verdadero protagonista.<\/strong> Entre tertulias improvisadas en los tendidos, discusiones encendidas en los pasillos y la emoci\u00f3n. La Glorieta vivi\u00f3 una tarde de feria que volvi\u00f3 a traer rostros conocidos a Salamanca como los de<strong> Ram\u00f3n Calder\u00f3n,<\/strong> otra vez presto a darle uno de esos puros de los que tanto gusta Morante, el periodista <strong>Rub\u00e9n Am\u00f3n, <\/strong>empresarios, ganaderos, y tambi\u00e9n gentes de la pol\u00edtica, aunque esta vez con menos afluencia que el viernes. No falt\u00f3 <strong>Carlos Garc\u00eda Carbayo<\/strong>, habitual todo el ciclo desde su lugar de abono, y tambi\u00e9n otros como los ediles de Santa Marta, <strong>Mingo P\u00e9rez,<\/strong> o de Ciudad Rodrigo,<strong> Marcos Iglesias<\/strong>. Tambi\u00e9n el consejero de Cultura,<strong> Gonzalo Santonja<\/strong>.<strong>\u00a0<\/strong>\u00a0<\/p>\n<p data-start=\"2044\" data-end=\"2468\">Fue el cierre de un ciclo, <strong>un broche tejido con el arte de tres nombres y la pasi\u00f3n de una afici\u00f3n<\/strong> que nunca se conforma con menos que la gloria.<\/p>\n","protected":false},"excerpt":{"rendered":"La Glorieta ha despedido su feria envuelta en un aire de expectaci\u00f3n que se palpaba desde los accesos&hellip;\n","protected":false},"author":2,"featured_media":132123,"comment_status":"","ping_status":"","sticky":false,"template":"","format":"standard","meta":{"footnotes":""},"categories":[277],"tags":[373,168,25,24,23,167,374],"class_list":{"0":"post-132122","1":"post","2":"type-post","3":"status-publish","4":"format-standard","5":"has-post-thumbnail","7":"category-toreo","8":"tag-bullfighting","9":"tag-deportes","10":"tag-es","11":"tag-espana","12":"tag-spain","13":"tag-sports","14":"tag-toreo"},"share_on_mastodon":{"url":"","error":""},"_links":{"self":[{"href":"https:\/\/www.europesays.com\/es\/wp-json\/wp\/v2\/posts\/132122","targetHints":{"allow":["GET"]}}],"collection":[{"href":"https:\/\/www.europesays.com\/es\/wp-json\/wp\/v2\/posts"}],"about":[{"href":"https:\/\/www.europesays.com\/es\/wp-json\/wp\/v2\/types\/post"}],"author":[{"embeddable":true,"href":"https:\/\/www.europesays.com\/es\/wp-json\/wp\/v2\/users\/2"}],"replies":[{"embeddable":true,"href":"https:\/\/www.europesays.com\/es\/wp-json\/wp\/v2\/comments?post=132122"}],"version-history":[{"count":0,"href":"https:\/\/www.europesays.com\/es\/wp-json\/wp\/v2\/posts\/132122\/revisions"}],"wp:featuredmedia":[{"embeddable":true,"href":"https:\/\/www.europesays.com\/es\/wp-json\/wp\/v2\/media\/132123"}],"wp:attachment":[{"href":"https:\/\/www.europesays.com\/es\/wp-json\/wp\/v2\/media?parent=132122"}],"wp:term":[{"taxonomy":"category","embeddable":true,"href":"https:\/\/www.europesays.com\/es\/wp-json\/wp\/v2\/categories?post=132122"},{"taxonomy":"post_tag","embeddable":true,"href":"https:\/\/www.europesays.com\/es\/wp-json\/wp\/v2\/tags?post=132122"}],"curies":[{"name":"wp","href":"https:\/\/api.w.org\/{rel}","templated":true}]}}