{"id":132125,"date":"2025-09-22T16:23:15","date_gmt":"2025-09-22T16:23:15","guid":{"rendered":"https:\/\/www.europesays.com\/es\/132125\/"},"modified":"2025-09-22T16:23:15","modified_gmt":"2025-09-22T16:23:15","slug":"nicolas-colsaerts-anuncia-su-retirada-del-golf-profesional","status":"publish","type":"post","link":"https:\/\/www.europesays.com\/es\/132125\/","title":{"rendered":"Nicolas Colsaerts anuncia su retirada del golf profesional"},"content":{"rendered":"<p>\t\t\t\t\tEl belga deja el golf profesional tras 499 torneos, 10 victorias y un legado imborrable en la Ryder Cup y el DPWT donde acumul\u00f3 \u20ac10.752.600<br \/>\n<img fetchpriority=\"high\" decoding=\"async\" class=\"wp-image-318952 size-full\" src=\"https:\/\/www.europesays.com\/es\/wp-content\/uploads\/2025\/09\/Ryder-Cup-2012-650.jpg\" alt=\"DP World Tour, Nicolas Colsaerts, Open de France, Ryder Cup\" width=\"650\" height=\"433\"  \/>Nicolas Colsaerts abandona el profesionalismo despu\u00e9s de casi 25 a\u00f1os de carrera<\/p>\n<p style=\"text-align: justify;\">El belga <strong>Nicolas Colsaerts<\/strong>, conocido por su destacada trayectoria en el <strong>DP World Tour<\/strong> y por su papel en la <strong>Ryder Cup<\/strong> de 2012, ha anunciado que se retirar\u00e1 del golf profesional al finalizar la presente temporada. La noticia fue revelada durante el <strong>Open de France<\/strong> de esta semana, en una declaraci\u00f3n para el medio franc\u00e9s <strong>Canal+<\/strong> en <strong>Golf de Saint-Nom-la-Bret\u00e8che<\/strong>.<\/p>\n<p style=\"text-align: justify;\">Colsaerts, de 42 a\u00f1os, cierra una carrera que se inici\u00f3 en el a\u00f1o 2000 y que le deja con <strong>499 participaciones<\/strong> en el <strong>DP World Tour<\/strong>; 45 en el <strong>PGA Tour<\/strong>; y tres victorias en su palmar\u00e9s: la primera en el <strong>Volvo China Open 2011<\/strong>, la segunda en el <strong>Volvo Match Play Championship<\/strong> en Espa\u00f1a, donde derrot\u00f3 a su excompa\u00f1ero de Ryder Cup <strong>Graeme McDowell<\/strong>, y la \u00faltima en el <strong>Open de France 2019<\/strong>, imponi\u00e9ndose a <strong>Joachim B. Hansen<\/strong>. En total, cuenta con diez victorias profesionales a lo largo de su carrera en la que acumul\u00f3 10.752.600,09 euros, solo en el DP World Tour.<\/p>\n<p style=\"text-align: justify;\">Su legado incluye momentos inolvidables con el equipo europeo, como su contribuci\u00f3n al hist\u00f3rico triunfo de Europa en la Ryder Cup de 2012, conocido como el \u201cMilagro de Medinah\u201d, y su papel como vicecapit\u00e1n en la victoria europea en <strong>Roma 2023<\/strong>, nombrado por <strong>Luke Donald<\/strong>. Sin embargo, Colsaerts no formar\u00e1 parte del equipo europeo para la Ryder Cup 2025 en <strong>Nueva York<\/strong>, lo que le dej\u00f3 visiblemente decepcionado: \u201cS\u00ed, estoy muy decepcionado, porque es una competici\u00f3n por la que vivo y que pr\u00e1cticamente ha sido lo \u00fanico que me ha hecho levantarme en los \u00faltimos a\u00f1os\u201d; declar\u00f3 en el Sky Sports Golf Podcast.<\/p>\n<p style=\"text-align: justify;\">A pesar de su decepci\u00f3n, Colsaerts mantiene la deportividad y el respeto por las decisiones del capit\u00e1n. \u201cExtremadamente decepcionado, s\u00ed, pero el capit\u00e1n tiene la \u00faltima palabra. No hay ning\u00fan resentimiento hacia la decisi\u00f3n que \u00e9l toma\u201d. Con su retirada, el belga pone fin a una carrera marcada por el talento, la perseverancia y un innegable impacto en el golf europeo.<\/p>\n<p style=\"text-align: justify;\"><strong>Puede seguir a OpenGolf en <\/strong><a style=\"color: #008000;\" href=\"https:\/\/www.facebook.com\/opengolfes.es\/\" rel=\"nofollow noopener\" target=\"_blank\"><strong>Facebook<\/strong><\/a><strong>; <\/strong><a style=\"color: #008000;\" href=\"https:\/\/twitter.com\/opengolf_news\" rel=\"nofollow noopener\" target=\"_blank\"><strong>Twitter<\/strong><\/a><strong>; <\/strong><a style=\"color: #008000;\" href=\"https:\/\/www.linkedin.com\/in\/fernando-molina-b1455a14\/\" rel=\"nofollow noopener\" target=\"_blank\"><strong>LinkedIn<\/strong><\/a><strong> y suscribi\u00e9ndose a trav\u00e9s de este enlace a nuestra <\/strong><a style=\"color: #008000;\" href=\"https:\/\/opengolf.es\/newsletters.php\" rel=\"nofollow noopener\" target=\"_blank\"><strong>Newsletter Semanal<\/strong><\/a><\/p>\n<p>\t\t\t\t<script async src=\"https:\/\/platform.twitter.com\/widgets.js\" charset=\"utf-8\"><\/script><\/p>\n","protected":false},"excerpt":{"rendered":"El belga deja el golf profesional tras 499 torneos, 10 victorias y un legado imborrable en la Ryder&hellip;\n","protected":false},"author":2,"featured_media":132126,"comment_status":"","ping_status":"","sticky":false,"template":"","format":"standard","meta":{"footnotes":""},"categories":[275],"tags":[168,7316,25,24,329,42216,42217,2624,23,167],"class_list":{"0":"post-132125","1":"post","2":"type-post","3":"status-publish","4":"format-standard","5":"has-post-thumbnail","7":"category-golf","8":"tag-deportes","9":"tag-dp-world-tour","10":"tag-es","11":"tag-espana","12":"tag-golf","13":"tag-nicolas-colsaerts","14":"tag-open-de-france","15":"tag-ryder-cup","16":"tag-spain","17":"tag-sports"},"share_on_mastodon":{"url":"","error":""},"_links":{"self":[{"href":"https:\/\/www.europesays.com\/es\/wp-json\/wp\/v2\/posts\/132125","targetHints":{"allow":["GET"]}}],"collection":[{"href":"https:\/\/www.europesays.com\/es\/wp-json\/wp\/v2\/posts"}],"about":[{"href":"https:\/\/www.europesays.com\/es\/wp-json\/wp\/v2\/types\/post"}],"author":[{"embeddable":true,"href":"https:\/\/www.europesays.com\/es\/wp-json\/wp\/v2\/users\/2"}],"replies":[{"embeddable":true,"href":"https:\/\/www.europesays.com\/es\/wp-json\/wp\/v2\/comments?post=132125"}],"version-history":[{"count":0,"href":"https:\/\/www.europesays.com\/es\/wp-json\/wp\/v2\/posts\/132125\/revisions"}],"wp:featuredmedia":[{"embeddable":true,"href":"https:\/\/www.europesays.com\/es\/wp-json\/wp\/v2\/media\/132126"}],"wp:attachment":[{"href":"https:\/\/www.europesays.com\/es\/wp-json\/wp\/v2\/media?parent=132125"}],"wp:term":[{"taxonomy":"category","embeddable":true,"href":"https:\/\/www.europesays.com\/es\/wp-json\/wp\/v2\/categories?post=132125"},{"taxonomy":"post_tag","embeddable":true,"href":"https:\/\/www.europesays.com\/es\/wp-json\/wp\/v2\/tags?post=132125"}],"curies":[{"name":"wp","href":"https:\/\/api.w.org\/{rel}","templated":true}]}}