{"id":132127,"date":"2025-09-22T16:24:13","date_gmt":"2025-09-22T16:24:13","guid":{"rendered":"https:\/\/www.europesays.com\/es\/132127\/"},"modified":"2025-09-22T16:24:13","modified_gmt":"2025-09-22T16:24:13","slug":"david-ferrer-vence-a-robredo-en-la-iii-copa-leyendas-de-albacete","status":"publish","type":"post","link":"https:\/\/www.europesays.com\/es\/132127\/","title":{"rendered":"David Ferrer vence a Robredo en la III Copa Leyendas de Albacete"},"content":{"rendered":"<p data-mrf-recirculation=\"Links P\u00e1rrafos\" class=\"ue-c-article__paragraph paragraph ue-c-article--first-letter-highlighted\">Con un nuevo llenazo en la pista central del<strong> Club Tenis Albacete<\/strong>, <a href=\"https:\/\/amp.marca.com\/tenis\/2025\/09\/20\/david-ferrer-anabel-medina-ganan-copa-leyendas-regreso-arantxa-pistas-22-anos-despues.html\" rel=\"nofollow noopener\" target=\"_blank\">tras el doble mixto de legendarios en el que <strong>Arantxa S\u00e1nchez Vicario <\/strong>volvi\u00f3 a las pistas<\/a>,<strong> David Ferrer <\/strong>se ha proclamado campe\u00f3n de la <strong>III Copa Leyendas del Tenis<\/strong> en Albacete tras superar en la final a <strong>Tommy Robredo <\/strong>por 6-3, 7-5 en un brillante partido que se ha ido casi a las dos horas de duraci\u00f3n.<\/p>\n<p data-mrf-recirculation=\"Links P\u00e1rrafos\" class=\"ue-c-article__paragraph paragraph\">Los dos tenistas han saltado a la pista con ganas de agradar al p\u00fablico, y lo consiguieron, disputando un entretenido partido que ha hecho las delicias de los <strong>2.000 espectadores<\/strong> que no quisieron perderse la cita.<\/p>\n<p data-mrf-recirculation=\"Links P\u00e1rrafos\" class=\"ue-c-article__paragraph paragraph\">El primer set comenz\u00f3 de manera favorable para el valenciano, actual <strong>capit\u00e1n de Copa Davis, <\/strong>rompiendo\u00a0el saque de Robredo en el segundo juego, y aunque despu\u00e9s el partido estuvo m\u00e1s igualado, Ferrer se anot\u00f3 la primera manga por 6-3. El segundo set registr\u00f3 hasta cuatro roturas de servicio hasta el 4 iguales. En el d\u00e9cimo juego con empate a 5 lleg\u00f3 el break <strong>decisivo <\/strong>que sirvi\u00f3 a David Ferrer para alzarse con la victoria y conquistar su primera Copa Leyendas.<\/p>\n<p data-mrf-recirculation=\"Links P\u00e1rrafos\" class=\"ue-c-article__paragraph paragraph\">La entrega de premios cont\u00f3 con la presencia del presidente de la Diputaci\u00f3n, Santiago <strong>Caba\u00f1ero<\/strong>, la vicepresidenta de las Cortes de Castilla La Mancha, Josefina <strong>Navarrete<\/strong>, el concejal de deportes del Ayuntamiento de Albacete, Paco <strong>Villaescusa<\/strong>, el subdelegado del gobierno, Miguel Juan <strong>Espinosa<\/strong>, los concejales Jos\u00e9 <strong>Gonz\u00e1lez<\/strong>, Jacinto <strong>Navarro <\/strong>y Juli\u00e1n <strong>Garijo<\/strong>, Delegado provincial de Cultura y Deportes de la Junta de Comunidades de Castilla La Mancha, Diego <strong>P\u00e9rez<\/strong>, as\u00ed como varios representantes de patrocinadores. Por parte del Club Tenis Albacete, Elena <strong>Mar\u00edn<\/strong>, presidenta y Juli\u00e1n <strong>Garc\u00eda<\/strong>, director del evento.<\/p>\n<p data-mrf-recirculation=\"Links P\u00e1rrafos\" class=\"ue-c-article__paragraph paragraph\">El <strong>Trofeo Internacional de Tenis Ciudad de Albacete<\/strong> ha celebrado este a\u00f1o su <strong>40 edici\u00f3n,<\/strong> siendo la tercera con el nombre de Copa Leyendas. As\u00ed mismo, la entidad albacete\u00f1a conmemora el<strong> 60 aniversario<\/strong> de su fundaci\u00f3n.<\/p>\n","protected":false},"excerpt":{"rendered":"Con un nuevo llenazo en la pista central del Club Tenis Albacete, tras el doble mixto de legendarios&hellip;\n","protected":false},"author":2,"featured_media":132128,"comment_status":"","ping_status":"","sticky":false,"template":"","format":"standard","meta":{"footnotes":""},"categories":[274],"tags":[168,25,24,23,167,327,326],"class_list":{"0":"post-132127","1":"post","2":"type-post","3":"status-publish","4":"format-standard","5":"has-post-thumbnail","7":"category-tenis","8":"tag-deportes","9":"tag-es","10":"tag-espana","11":"tag-spain","12":"tag-sports","13":"tag-tenis","14":"tag-tennis"},"share_on_mastodon":{"url":"","error":""},"_links":{"self":[{"href":"https:\/\/www.europesays.com\/es\/wp-json\/wp\/v2\/posts\/132127","targetHints":{"allow":["GET"]}}],"collection":[{"href":"https:\/\/www.europesays.com\/es\/wp-json\/wp\/v2\/posts"}],"about":[{"href":"https:\/\/www.europesays.com\/es\/wp-json\/wp\/v2\/types\/post"}],"author":[{"embeddable":true,"href":"https:\/\/www.europesays.com\/es\/wp-json\/wp\/v2\/users\/2"}],"replies":[{"embeddable":true,"href":"https:\/\/www.europesays.com\/es\/wp-json\/wp\/v2\/comments?post=132127"}],"version-history":[{"count":0,"href":"https:\/\/www.europesays.com\/es\/wp-json\/wp\/v2\/posts\/132127\/revisions"}],"wp:featuredmedia":[{"embeddable":true,"href":"https:\/\/www.europesays.com\/es\/wp-json\/wp\/v2\/media\/132128"}],"wp:attachment":[{"href":"https:\/\/www.europesays.com\/es\/wp-json\/wp\/v2\/media?parent=132127"}],"wp:term":[{"taxonomy":"category","embeddable":true,"href":"https:\/\/www.europesays.com\/es\/wp-json\/wp\/v2\/categories?post=132127"},{"taxonomy":"post_tag","embeddable":true,"href":"https:\/\/www.europesays.com\/es\/wp-json\/wp\/v2\/tags?post=132127"}],"curies":[{"name":"wp","href":"https:\/\/api.w.org\/{rel}","templated":true}]}}