{"id":132131,"date":"2025-09-22T16:26:09","date_gmt":"2025-09-22T16:26:09","guid":{"rendered":"https:\/\/www.europesays.com\/es\/132131\/"},"modified":"2025-09-22T16:26:09","modified_gmt":"2025-09-22T16:26:09","slug":"viaje-nocturno-de-f1-sainz-y-leclerc-conducen-tras-desvio-de-vuelo-desde-azerbaiyan","status":"publish","type":"post","link":"https:\/\/www.europesays.com\/es\/132131\/","title":{"rendered":"Viaje nocturno de F1: Sainz y Leclerc conducen tras desv\u00edo de vuelo desde Azerbaiy\u00e1n"},"content":{"rendered":"\n<p>M\u00d3NACO\u00a0\u2014\u00a0Despu\u00e9s de lograr un sorprendente podio en el Gran Premio de Azerbaiy\u00e1n, Carlos Sainz Jr. volvi\u00f3 a ponerse al volante horas despu\u00e9s. Esta vez, en una furgoneta alquilada junto a Charles Leclerc.<\/p>\n<p>Leclerc quer\u00eda llegar a casa en M\u00f3naco despu\u00e9s de un frustrante fin de semana que incluy\u00f3 un accidente en la clasificaci\u00f3n y un noveno lugar en la carrera. El clima se interpuso, obligando al vuelo de los dos pilotos de F\u00f3rmula 1 a desviarse de Niza, Francia, a Italia.<\/p>\n<p>\u201cAs\u00ed que, despu\u00e9s de un fin de semana muy dif\u00edcil en Bak\u00fa, pens\u00e9 que no podr\u00eda empeorar, pero&#8230;\u201d, coment\u00f3 Leclerc en un video publicado en Instagram el domingo por la noche. Luego gir\u00f3 la c\u00e1mara para mostrar a Sainz, su antiguo compa\u00f1ero de equipo en Ferrari, al volante en un t\u00fanel.<\/p>\n<p>\u201cNos desviaron por una tormenta. No pudimos aterrizar en Niza, as\u00ed que aterrizamos en el centro de Italia, alquilamos una furgoneta y ahora estamos en camino a M\u00f3naco\u201d, dijo Sainz, cuyo tercer lugar el domingo fue el mejor resultado de Williams en cuatro a\u00f1os.<\/p>\n<p>Sainz luego pareci\u00f3 bromear sobre acelerar para llegar a casa m\u00e1s r\u00e1pido. Pero Leclerc se opuso.<\/p>\n<p>\u201cConducci\u00f3n de dos horas, y lo haremos en una hora y media\u201d, dijo Sainz.<\/p>\n<p>\u201c\u00a1No!\u201d exclam\u00f3 Leclerc, y Sainz respondi\u00f3: \u201cNo, no, no, nunca\u201d.<\/p>\n<p>___<\/p>\n<p>Deportes AP: https:\/\/apnews.com\/hub\/deportes<\/p>\n","protected":false},"excerpt":{"rendered":"M\u00d3NACO\u00a0\u2014\u00a0Despu\u00e9s de lograr un sorprendente podio en el Gran Premio de Azerbaiy\u00e1n, Carlos Sainz Jr. volvi\u00f3 a ponerse&hellip;\n","protected":false},"author":2,"featured_media":132132,"comment_status":"","ping_status":"","sticky":false,"template":"","format":"standard","meta":{"footnotes":""},"categories":[270],"tags":[42221,17707,168,42219,1053,25,24,306,271,272,42220,10349,13354,5095,5387,3731,773,23,167,12856,42218,11266],"class_list":{"0":"post-132131","1":"post","2":"type-post","3":"status-publish","4":"format-standard","5":"has-post-thumbnail","7":"category-formula-1","8":"tag-alquilado","9":"tag-azerbaiyan","10":"tag-deportes","11":"tag-desvio","12":"tag-domingo","13":"tag-es","14":"tag-espana","15":"tag-f1","16":"tag-formula-1","17":"tag-formula1","18":"tag-frustrante-fin","19":"tag-furgoneta","20":"tag-leclerc","21":"tag-monaco","22":"tag-nocturno","23":"tag-sainz","24":"tag-semana","25":"tag-spain","26":"tag-sports","27":"tag-viaje","28":"tag-volante-hora","29":"tag-vuelo"},"share_on_mastodon":{"url":"","error":""},"_links":{"self":[{"href":"https:\/\/www.europesays.com\/es\/wp-json\/wp\/v2\/posts\/132131","targetHints":{"allow":["GET"]}}],"collection":[{"href":"https:\/\/www.europesays.com\/es\/wp-json\/wp\/v2\/posts"}],"about":[{"href":"https:\/\/www.europesays.com\/es\/wp-json\/wp\/v2\/types\/post"}],"author":[{"embeddable":true,"href":"https:\/\/www.europesays.com\/es\/wp-json\/wp\/v2\/users\/2"}],"replies":[{"embeddable":true,"href":"https:\/\/www.europesays.com\/es\/wp-json\/wp\/v2\/comments?post=132131"}],"version-history":[{"count":0,"href":"https:\/\/www.europesays.com\/es\/wp-json\/wp\/v2\/posts\/132131\/revisions"}],"wp:featuredmedia":[{"embeddable":true,"href":"https:\/\/www.europesays.com\/es\/wp-json\/wp\/v2\/media\/132132"}],"wp:attachment":[{"href":"https:\/\/www.europesays.com\/es\/wp-json\/wp\/v2\/media?parent=132131"}],"wp:term":[{"taxonomy":"category","embeddable":true,"href":"https:\/\/www.europesays.com\/es\/wp-json\/wp\/v2\/categories?post=132131"},{"taxonomy":"post_tag","embeddable":true,"href":"https:\/\/www.europesays.com\/es\/wp-json\/wp\/v2\/tags?post=132131"}],"curies":[{"name":"wp","href":"https:\/\/api.w.org\/{rel}","templated":true}]}}