{"id":132133,"date":"2025-09-22T16:27:28","date_gmt":"2025-09-22T16:27:28","guid":{"rendered":"https:\/\/www.europesays.com\/es\/132133\/"},"modified":"2025-09-22T16:27:28","modified_gmt":"2025-09-22T16:27:28","slug":"juventud-y-veterania-para-el-nuevo-araski","status":"publish","type":"post","link":"https:\/\/www.europesays.com\/es\/132133\/","title":{"rendered":"Juventud y veteran\u00eda para el nuevo Araski"},"content":{"rendered":"<p>\n        <strong>El <\/strong><a href=\"https:\/\/www.noticiasdealava.eus\/deportes\/araski\/\" title=\"Kutxabank Araski\" class=\"link copy\" rel=\"nofollow noopener\" target=\"_blank\"><strong>Kutxabank Araski<\/strong><\/a> contin\u00faa llevando a cabo las <strong>presentaciones de los nuevos refuerzos<\/strong> que se han sumado a la plantilla durante este mercado estival.\n<\/p>\n<p class=\"article-body__text \">\n        Esta vez el turno fue para <strong>Mireya Sanz y Quinn Dornstauder<\/strong>, dos perfiles muy opuestos tal y como coment\u00f3 <strong>Made Urieta<\/strong>, entrenadora del equipo que tambi\u00e9n estuvo presente durante el acto de este lunes.\n<\/p>\n<p class=\"article-body__text \">\n        \u201cMireya llega para dar sus primeros pasos como profesional, es una<strong> jugadora muy trabajadora con mucha proyecci\u00f3n y ambici\u00f3n.<\/strong> Por otro lado, Quinn ya fue importante en Zaragoza y<strong> conoce bien la Liga, ha forjado su carrera por toda Europa\u201d<\/strong>, comenz\u00f3 Made antes de dar paso a las jugadoras.\n<\/p>\n<blockquote class=\"twitter-tweet\" data-lang=\"es\" wp_automatic_readability=\"3\">\n<p lang=\"es\" dir=\"ltr\">\u00a1Hoy hemos presentado a Mireya Sanz y <a href=\"https:\/\/twitter.com\/QDornstauder?ref_src=twsrc%5Etfw\" rel=\"nofollow noopener\" target=\"_blank\">@QDornstauder<\/a> en Apartamentos Divan! \ud83c\udfe0<a href=\"https:\/\/twitter.com\/hashtag\/ElLatidodeMendi?src=hash&amp;ref_src=twsrc%5Etfw\" rel=\"nofollow noopener\" target=\"_blank\">#ElLatidodeMendi<\/a> <a href=\"https:\/\/twitter.com\/hashtag\/MendikoTaupada?src=hash&amp;ref_src=twsrc%5Etfw\" rel=\"nofollow noopener\" target=\"_blank\">#MendikoTaupada<\/a> <a href=\"https:\/\/t.co\/UjOLjNnr8N\" rel=\"nofollow\">pic.twitter.com\/UjOLjNnr8N<\/a><\/p>\n<p>\u2014 Araski AES (@Araski) <a href=\"https:\/\/twitter.com\/Araski\/status\/1970073077728817484?ref_src=twsrc%5Etfw\" rel=\"nofollow noopener\" target=\"_blank\">22 de septiembre de 2025<\/a><\/p><\/blockquote>\n<p>  Debut en la \u00e9lite para Mireya<\/p>\n<p class=\"article-body__text \">\n        Mireya Sanz aterriza en Vitoria tras fichar el pasado mes de julio por el Araski<strong> procedente del Baloncesto Torrelodones.\u00a0<\/strong>\n<\/p>\n<p class=\"article-body__text \">\n        La joven <strong>exterior de 18 a\u00f1os y 1,79 metros de altura<\/strong> ha firmado <strong>un contrato para las dos pr\u00f3ximas temporadas,<\/strong> en las que espera seguir creciendo y responder a las grandes expectativas sobre su potencial.\n<\/p>\n<p>            <a href=\"https:\/\/www.noticiasdealava.eus\/araski\/2025\/07\/01\/araski-refuerza-cuerda-exterior-mireya-9826199.html\" title=\"El Araski refuerza su cuerda exterior con Mireya Sanz\" class=\"new__media\" rel=\"nofollow noopener\" target=\"_blank\"><\/p>\n<p>                <img alt=\"El Araski refuerza su cuerda exterior con Mireya Sanz\" data-src=\"https:\/\/www.europesays.com\/es\/wp-content\/uploads\/2025\/09\/35220cbc-8b05-45b0-9ce5-411e9189aa75_16-9-aspect-ratio_default_0_x554y207.jpg\" class=\"lozad\"\/><\/p>\n<p>        <\/a><\/p>\n<p>        <a href=\"https:\/\/www.noticiasdealava.eus\/araski\/2025\/07\/01\/araski-refuerza-cuerda-exterior-mireya-9826199.html\" title=\"El Araski refuerza su cuerda exterior con Mireya Sanz\" class=\"new__headline\" rel=\"nofollow noopener\" target=\"_blank\"><br \/>\n            El Araski refuerza su cuerda exterior con Mireya Sanz<br \/>\n        <\/a><\/p>\n<p class=\"article-body__text \">\n        Por el momento, <strong>ya logr\u00f3 este verano un \u00e9xito con el oro obtenido en el Europeo sub-18<\/strong> celebrado en Canarias, en lo que fue \u201cuna muy buena experiencia\u201d seg\u00fan la jugadora. Ahora, llega a Araski para <strong>debutar como jugadora profesional<\/strong> de la mano del equipo vitoriano.\n<\/p>\n<p class=\"article-body__text \">\n        \u201cCuando sali\u00f3 <strong>la opci\u00f3n del Araski vi que pod\u00eda ser una gran oportunidad,<\/strong> incluso al principio pens\u00e9 que se me pod\u00eda quedar algo grande\u201d, empez\u00f3 Mireya.\n<\/p>\n<p class=\"article-body__text \">\n        La joven jugadora confes\u00f3 estar <strong>adapt\u00e1ndose poco a poco en una pretemporada con \u201centrenamientos duros\u201d.<\/strong> \u201cLo que m\u00e1s he notado es que me falta algo de f\u00edsico\u201d, asegur\u00f3 la exterior madrile\u00f1a.\n<\/p>\n<p>            <a href=\"https:\/\/www.noticiasdealava.eus\/araski\/2025\/09\/14\/araski-queda-trofeo-olarizu-10082841.html\" title=\"El Araski se queda sin el Trofeo Olarizu\" class=\"new__media\" rel=\"nofollow noopener\" target=\"_blank\"><\/p>\n<p>                <img alt=\"El Araski se queda sin el Trofeo Olarizu\" data-src=\"https:\/\/www.europesays.com\/es\/wp-content\/uploads\/2025\/09\/3c1f6df2-e62c-43e7-b227-f09fa333e2ba_16-9-aspect-ratio_default_0.jpg\" class=\"lozad\"\/><\/p>\n<p>        <\/a><\/p>\n<p>        <a href=\"https:\/\/www.noticiasdealava.eus\/araski\/2025\/09\/14\/araski-queda-trofeo-olarizu-10082841.html\" title=\"El Araski se queda sin el Trofeo Olarizu\" class=\"new__headline\" rel=\"nofollow noopener\" target=\"_blank\"><br \/>\n            El Araski se queda sin el Trofeo Olarizu<br \/>\n        <\/a><\/p>\n<p class=\"article-body__text \">\n        A su temprana edad Mireya es la m\u00e1s\u00a0joven de la plantilla, hecho que sin embargo no le hace amedrentarse respecto a sus compa\u00f1eras: <strong>\u201cNo me fijo en la edad, intento ser una m\u00e1s del grupo y aportar en lo que pueda\u201d.<\/strong>\n<\/p>\n<p class=\"article-body__text \">\n        Sobre su estilo de juego, Mireya admiti\u00f3 ser <strong>una jugadora a la que le gusta m\u00e1s defender que atacar<\/strong>: \u201cCada una destaca en lo suyo, a mi me gusta m\u00e1s defender\u201d.\n<\/p>\n<p>            <a href=\"https:\/\/www.noticiasdealava.eus\/araski\/2025\/09\/11\/dembele-toussaint-optimistas-potencial-nuevo-araski-10071309.html\" title=\"Dembele y Toussaint, optimistas con el potencial del nuevo Araski\" class=\"new__media\" rel=\"nofollow noopener\" target=\"_blank\"><\/p>\n<p>                <img alt=\"Dembele y Toussaint, optimistas con el potencial del nuevo Araski\" data-src=\"https:\/\/www.europesays.com\/es\/wp-content\/uploads\/2025\/09\/1758558446_44_a40e2dbe-8d30-4a42-b756-dc7271fab76a_16-9-aspect-ratio_default_0.jpg\" class=\"lozad\"\/><\/p>\n<p>        <\/a><\/p>\n<p>        <a href=\"https:\/\/www.noticiasdealava.eus\/araski\/2025\/09\/11\/dembele-toussaint-optimistas-potencial-nuevo-araski-10071309.html\" title=\"Dembele y Toussaint, optimistas con el potencial del nuevo Araski\" class=\"new__headline\" rel=\"nofollow noopener\" target=\"_blank\"><br \/>\n            Dembele y Toussaint, optimistas con el potencial del nuevo Araski<br \/>\n        <\/a><\/p>\n<p>  Quinn, una p\u00edvot con experiencia<\/p>\n<p class=\"article-body__text \">\n        En contrapunto a Mireya tambi\u00e9n fue presentada Quinn Dornstauder,<strong> una de las jugadoras m\u00e1s veteranas y con m\u00e1s experiencia<\/strong> de la plantilla actual del Araski.\n<\/p>\n<p class=\"article-body__text \">\n        La espigada <strong>p\u00edvot canadiense de 30 a\u00f1os<\/strong> lleg\u00f3 a Vitoria el pasado mes de junio tras disputar <strong>la \u00faltima temporada en las filas del Celta, donde promedi\u00f3 9,8 puntos y 5,8 rebotes en 13 partidos<\/strong> de la Liga Femenina Endesa.\n<\/p>\n<p>            <a href=\"https:\/\/www.noticiasdealava.eus\/araski\/2025\/06\/12\/quinn-dornstauder-refuerza-pintura-araski-9751483.html\" title=\"Quinn Dornstauder refuerza la &#039;pintura&#039; del Araski\" class=\"new__media\" rel=\"nofollow noopener\" target=\"_blank\"><\/p>\n<p>                <img alt=\"Quinn Dornstauder refuerza la 'pintura' del Araski\" data-src=\"https:\/\/www.europesays.com\/es\/wp-content\/uploads\/2025\/09\/7f488b74-6347-4bf8-a1d5-7746c19e9759_16-9-aspect-ratio_default_0_x521y317.jpg\" class=\"lozad\"\/><\/p>\n<p>        <\/a><\/p>\n<p>        <a href=\"https:\/\/www.noticiasdealava.eus\/araski\/2025\/06\/12\/quinn-dornstauder-refuerza-pintura-araski-9751483.html\" title=\"Quinn Dornstauder refuerza la &#039;pintura&#039; del Araski\" class=\"new__headline\" rel=\"nofollow noopener\" target=\"_blank\"><br \/>\n            Quinn Dornstauder refuerza la &#8216;pintura&#8217; del Araski<br \/>\n        <\/a><\/p>\n<p class=\"article-body__text \">\n        Al igual que asegur\u00f3 Mireya, Quinn tambi\u00e9n coincidi\u00f3 en que su llegada al Araski se trata de <strong>\u201cuna buena oportunidad\u201d para ella.<\/strong>\n<\/p>\n<p class=\"article-body__text \">\n        \u201cEs un gran club, con una buena historia en la Primera Divisi\u00f3n. <strong>El equipo tiene buena reputaci\u00f3n porque muchas jugadoras hablan muy bien sobre \u00e9l<\/strong> y en el tiempo que llevo aqu\u00ed he podido confirmar que eso es cierto\u201d, explic\u00f3 Quinn.\n<\/p>\n<p class=\"article-photo__footer\">\n            Presentaci\u00f3n de Mireya Sanz y Quinn Dornstauder como jugadoras de Kutxabank Araski en los Apartamentos Divan            DNA        <\/p>\n<p class=\"article-body__text \">\n        La p\u00edvot canadiense, un deseo de Made desde campa\u00f1as atr\u00e1s, tal y como asegur\u00f3 la propia entrenadora, aterriza en Vitoria para <strong>aportar toda su experiencia, adem\u00e1s de un interesante f\u00edsico para el equipo gracias a sus 1,93 metros de altura.<\/strong>\n<\/p>\n<p>            <a href=\"https:\/\/www.noticiasdealava.eus\/araski\/2025\/09\/09\/lotta-maj-lahtinen-y-noa-morro-fichajes-araski-baloncesto-femenino-10064047.html\" title=\"Lotta-Maj Lahtinen y Noa Morro llegan con ambici\u00f3n al Araski\" class=\"new__media\" rel=\"nofollow noopener\" target=\"_blank\"><\/p>\n<p>                <img alt=\"Lotta-Maj Lahtinen y Noa Morro llegan con ambici\u00f3n al Araski\" data-src=\"https:\/\/www.europesays.com\/es\/wp-content\/uploads\/2025\/09\/1758558448_866_dee19f77-87d8-47b9-8829-2d22719aab9c_16-9-aspect-ratio_default_0.jpg\" class=\"lozad\"\/><\/p>\n<p>        <\/a><\/p>\n<p>        <a href=\"https:\/\/www.noticiasdealava.eus\/araski\/2025\/09\/09\/lotta-maj-lahtinen-y-noa-morro-fichajes-araski-baloncesto-femenino-10064047.html\" title=\"Lotta-Maj Lahtinen y Noa Morro llegan con ambici\u00f3n al Araski\" class=\"new__headline\" rel=\"nofollow noopener\" target=\"_blank\"><br \/>\n            Lotta-Maj Lahtinen y Noa Morro llegan con ambici\u00f3n al Araski<br \/>\n        <\/a><\/p>\n<p class=\"article-body__text \">\n        \u201cCreo que <strong>tenemos una buena mezcla de edades en la plantilla.<\/strong> Las j\u00f3venes como Mireya pueden aprender mucho de las veteranas y nosotras podemos disfrutar m\u00e1s del juego con la energ\u00eda que transmiten\u201d, asegur\u00f3 la jugadora canadiense.\n<\/p>\n<p class=\"article-body__text \">\n        Por \u00faltimo, Made Urieta tiene claro que el Araski es<strong> \u201cun equipo muy ambicioso, con una gran ilusi\u00f3n y que quiere ganar y mejorar a diario\u201d <\/strong>dentro de la LF. \u201cTendr\u00e1n que pasar meses para que se consolide el equipo, <strong>la pretemporada se ha hecho corta\u201d,<\/strong> advirti\u00f3 la ayalesa.\n<\/p>\n<p>            <script async src=\"https:\/\/platform.twitter.com\/widgets.js\" charset=\"utf-8\"><\/script><\/p>\n","protected":false},"excerpt":{"rendered":"El Kutxabank Araski contin\u00faa llevando a cabo las presentaciones de los nuevos refuerzos que se han sumado a&hellip;\n","protected":false},"author":2,"featured_media":132134,"comment_status":"","ping_status":"","sticky":false,"template":"","format":"standard","meta":{"footnotes":""},"categories":[269],"tags":[27966,299,298,168,25,24,6850,524,23,167,42222],"class_list":{"0":"post-132133","1":"post","2":"type-post","3":"status-publish","4":"format-standard","5":"has-post-thumbnail","7":"category-baloncesto","8":"tag-araski","9":"tag-baloncesto","10":"tag-basketball","11":"tag-deportes","12":"tag-es","13":"tag-espana","14":"tag-juventud","15":"tag-nuevo","16":"tag-spain","17":"tag-sports","18":"tag-veterania"},"share_on_mastodon":{"url":"","error":""},"_links":{"self":[{"href":"https:\/\/www.europesays.com\/es\/wp-json\/wp\/v2\/posts\/132133","targetHints":{"allow":["GET"]}}],"collection":[{"href":"https:\/\/www.europesays.com\/es\/wp-json\/wp\/v2\/posts"}],"about":[{"href":"https:\/\/www.europesays.com\/es\/wp-json\/wp\/v2\/types\/post"}],"author":[{"embeddable":true,"href":"https:\/\/www.europesays.com\/es\/wp-json\/wp\/v2\/users\/2"}],"replies":[{"embeddable":true,"href":"https:\/\/www.europesays.com\/es\/wp-json\/wp\/v2\/comments?post=132133"}],"version-history":[{"count":0,"href":"https:\/\/www.europesays.com\/es\/wp-json\/wp\/v2\/posts\/132133\/revisions"}],"wp:featuredmedia":[{"embeddable":true,"href":"https:\/\/www.europesays.com\/es\/wp-json\/wp\/v2\/media\/132134"}],"wp:attachment":[{"href":"https:\/\/www.europesays.com\/es\/wp-json\/wp\/v2\/media?parent=132133"}],"wp:term":[{"taxonomy":"category","embeddable":true,"href":"https:\/\/www.europesays.com\/es\/wp-json\/wp\/v2\/categories?post=132133"},{"taxonomy":"post_tag","embeddable":true,"href":"https:\/\/www.europesays.com\/es\/wp-json\/wp\/v2\/tags?post=132133"}],"curies":[{"name":"wp","href":"https:\/\/api.w.org\/{rel}","templated":true}]}}