{"id":132135,"date":"2025-09-22T16:28:08","date_gmt":"2025-09-22T16:28:08","guid":{"rendered":"https:\/\/www.europesays.com\/es\/132135\/"},"modified":"2025-09-22T16:28:08","modified_gmt":"2025-09-22T16:28:08","slug":"vota-y-opina-cual-es-el-cedido-del-depor-que-mas-te-esta-gustando-en-este-inicio-de-temporada","status":"publish","type":"post","link":"https:\/\/www.europesays.com\/es\/132135\/","title":{"rendered":"Vota y opina:\u00a0\u00bfCu\u00e1l es el cedido del D\u00e9por que m\u00e1s te est\u00e1 gustando en este inicio de temporada?"},"content":{"rendered":"<p>\t\t\t\t\t\tHasta doce jugadores blanquiazules se encuentran a pr\u00e9stamo\u00a0durante el presente curso<br \/>\n\t\t\t\t\t\t\t\t\t\t\t\t<strong>22 sep 2025<\/strong> . Actualizado a las 12:05 h.\t\t\t\t\t\t<\/p>\n<p class=\"first-paragraph txt\">Mientras el primer equipo deportivista consigue de forma moment\u00e1nea\u00a0el <strong>liderato de Segunda Divisi\u00f3n<\/strong> por primera vez desde\u00a0la temporada 2013-14 los j\u00f3venes\u00a0jugadores blanquiazules que se encuentran cedidos empiezan a dar sus primeros pasos en sus conjuntos de destino.<\/p>\n<p class=\"txt\"><strong>Jairo Noriega<\/strong> en el Racing de Ferrol, <strong>Luis Chac\u00f3n<\/strong> en la Cultural Leonesa o <strong>Kevin S\u00e1nchez<\/strong> y <strong>Diego G\u00f3mez<\/strong> en el Cartagena, son algunos de los cedidos del D\u00e9por que est\u00e1n comenzando a dejar buenas sensaciones en este inicio de temporada.<\/p>\n<p class=\"txt\">Todos ellos tienen durante esta campa\u00f1a una <strong>oportunidad de oro<\/strong> para hacer ver que tienen un hueco en el primer equipo, demostrando que son los jugadores del futuro del Deportivo.<\/p>\n<p class=\"txt\">Y a ti,\u00a0<strong>\u00bfcu\u00e1l es el cedido del D\u00e9por que m\u00e1s te est\u00e1 gustando en este inicio de temporada?<\/strong> Vota y opina a continuaci\u00f3n.<\/p>\n<p>&#13;<br \/>\n\tArchivado en:&#13;<br \/>\n\t\t\t\t\t<a href=\"https:\/\/www.lavozdegalicia.es\/temas\/deportivo\/\" target=\"_blank\" class=\"mg-l\" rel=\"nofollow noopener\">Deportivo<\/a>&#13;<br \/>\n\t\t\t\t\t<a href=\"https:\/\/www.lavozdegalicia.es\/temas\/segunda-division\/\" target=\"_blank\" class=\"mg-l\" rel=\"nofollow noopener\">Segunda Divisi\u00f3n<\/a>&#13;<br \/>\n\t\t\t\t\t<a href=\"https:\/\/www.lavozdegalicia.es\/temas\/futbol-gallego\/\" target=\"_blank\" class=\"mg-l\" rel=\"nofollow noopener\">F\u00fatbol gallego<\/a>&#13;<br \/>\n\t&#13;<\/p>\n","protected":false},"excerpt":{"rendered":"Hasta doce jugadores blanquiazules se encuentran a pr\u00e9stamo\u00a0durante el presente curso 22 sep 2025 . Actualizado a las&hellip;\n","protected":false},"author":2,"featured_media":132136,"comment_status":"","ping_status":"","sticky":false,"template":"","format":"standard","meta":{"footnotes":""},"categories":[268],"tags":[168,412,25,24,280,282,7640,281,23,167],"class_list":{"0":"post-132135","1":"post","2":"type-post","3":"status-publish","4":"format-standard","5":"has-post-thumbnail","7":"category-futbol","8":"tag-deportes","9":"tag-deportivo","10":"tag-es","11":"tag-espana","12":"tag-football","13":"tag-futbol","14":"tag-segunda-division","15":"tag-soccer","16":"tag-spain","17":"tag-sports"},"share_on_mastodon":{"url":"","error":""},"_links":{"self":[{"href":"https:\/\/www.europesays.com\/es\/wp-json\/wp\/v2\/posts\/132135","targetHints":{"allow":["GET"]}}],"collection":[{"href":"https:\/\/www.europesays.com\/es\/wp-json\/wp\/v2\/posts"}],"about":[{"href":"https:\/\/www.europesays.com\/es\/wp-json\/wp\/v2\/types\/post"}],"author":[{"embeddable":true,"href":"https:\/\/www.europesays.com\/es\/wp-json\/wp\/v2\/users\/2"}],"replies":[{"embeddable":true,"href":"https:\/\/www.europesays.com\/es\/wp-json\/wp\/v2\/comments?post=132135"}],"version-history":[{"count":0,"href":"https:\/\/www.europesays.com\/es\/wp-json\/wp\/v2\/posts\/132135\/revisions"}],"wp:featuredmedia":[{"embeddable":true,"href":"https:\/\/www.europesays.com\/es\/wp-json\/wp\/v2\/media\/132136"}],"wp:attachment":[{"href":"https:\/\/www.europesays.com\/es\/wp-json\/wp\/v2\/media?parent=132135"}],"wp:term":[{"taxonomy":"category","embeddable":true,"href":"https:\/\/www.europesays.com\/es\/wp-json\/wp\/v2\/categories?post=132135"},{"taxonomy":"post_tag","embeddable":true,"href":"https:\/\/www.europesays.com\/es\/wp-json\/wp\/v2\/tags?post=132135"}],"curies":[{"name":"wp","href":"https:\/\/api.w.org\/{rel}","templated":true}]}}