{"id":132137,"date":"2025-09-22T16:29:08","date_gmt":"2025-09-22T16:29:08","guid":{"rendered":"https:\/\/www.europesays.com\/es\/132137\/"},"modified":"2025-09-22T16:29:08","modified_gmt":"2025-09-22T16:29:08","slug":"me-estoy-metiendo-en-terreno-pantanoso-pero","status":"publish","type":"post","link":"https:\/\/www.europesays.com\/es\/132137\/","title":{"rendered":"Me estoy metiendo en terreno pantanoso, pero&#8230;"},"content":{"rendered":"<p class=\"c-paragraph\">Tras varios d\u00edas de expectaci\u00f3n en redes, la cantante e influencer\u00a0<b>Mar Lucas <\/b>public\u00f3 este viernes su nuevo sencillo, <b>Poliamor,<\/b> un tema bailable y electro-pop que tomaba como fuente de inspiraci\u00f3n una \u00ab<b>experiencia personal\u00bb<\/b> para explorar la din\u00e1mica de un &#8216;tri\u00e1ngulo amoroso&#8217; con dos hombres unidos no solo por ella, sino tambi\u00e9n por su amistad.<\/p>\n<p class=\"c-paragraph\">Esta canci\u00f3n, sin embargo, se vio empa\u00f1ada por la pol\u00e9mica poco antes de su lanzamiento despu\u00e9s de que<a href=\"https:\/\/www.20minutos.es\/tags\/personas\/lola-lolita.html\" title=\"Lola Lolita\" rel=\"nofollow noopener\" target=\"_blank\"> <b>Lola Lolita<\/b><\/a><b><a href=\"\"> <\/a>la dejara de seguir a trav\u00e9s de redes sociales <\/b>coincidiendo con el estreno de la portada. En ella, se puede observar a Mar en una actitud cari\u00f1osa con\u00a0<b>Ibelky,<\/b> ex de la titkoker, quien fue elegido como uno de los protagonistas del videoclip.\u00a0<\/p>\n<p class=\"c-paragraph\">Aunque, de momento, Lola no se ha pronunciado p\u00fablicamente en torno a esta inesperada colaboraci\u00f3n, todo parece indicar que esta no habr\u00eda sido de su agrado, a juzgar por sus \u00faltimos movimientos en redes, donde dej\u00f3 varios &#8216;me gusta&#8217; a determinados comentarios que suger\u00edan que Mar <b>habr\u00eda intentado \u00abllamar la atenci\u00f3n\u00bb <\/b>a trav\u00e9s de la controversia.\u00a0<\/p>\n<p class=\"c-paragraph\">Pero nada m\u00e1s lejos de la realidad. Y es que la propia Mar Lucas, ante el revuelo causado, decidi\u00f3 dar un paso al frente y desmentir que existiese alg\u00fan conflicto con Lola Lolita que justifique su decisi\u00f3n de colaborar con Isaac Belk. <b>\u00abMe hubiera gustado hacer esto en una conversaci\u00f3n,<\/b> pero no se ha querido\u00bb, admiti\u00f3 la influencer, al inicio de un v\u00eddeo de TikTok.<\/p>\n<p class=\"c-paragraph\">A pesar de su aparente reticencia, la cantante sostuvo que no va a permitir quedarse \u00abcallada\u00bb cuando se est\u00e1n \u00abmalinterpretando\u00bb sus intenciones detr\u00e1s de la canci\u00f3n. De este modo, Lucas se remont\u00f3 a la segunda edici\u00f3n de Lola Lolita Land, el evento veraniego de la tiktoker que qued\u00f3 salpicado por <a href=\"https:\/\/www.20minutos.es\/noticia\/5721243\/0\/lola-lolita-reaparece-junto-nil-ojeda-para-zanjar-su-polemica-con-bolso-dior-video-era-todo-un-paripe\/\" title=\"Lola Lolita reaparece junto a Nil Ojeda para zanjar su pol\u00e9mica con el bolso de Dior: &quot;El v\u00eddeo era todo un parip\u00e9&quot;\" rel=\"nofollow noopener\" target=\"_blank\">su actitud \u00abclasista\u00bb y \u00abmaterialista\u00bb en un v\u00eddeo de Nil Ojeda.<\/a><\/p>\n<p>Marta D\u00edaz, la tercera en discordia<\/p>\n<p class=\"c-paragraph\">Y es que, seg\u00fan explic\u00f3, aunque siempre intenta \u00abapoyar sin esperar nada a cambio\u00bb a sus compa\u00f1eros de sector, esta vez tuvo que decantarse por el \u00abbando\u00bb encabezado por su amiga,<b> Marta D\u00edaz,<\/b> cuya rivalidad con Lola ya no es ning\u00fan secreto.\u00a0\u00abSi mi amiga siente dolor, yo lo siento el doble, y si le haces algo a mi amiga, pues me lo haces a m\u00ed tambi\u00e9n\u00bb, expres\u00f3.<\/p>\n<p class=\"c-paragraph\">En este punto, la artista subray\u00f3 que la raz\u00f3n por la que declin\u00f3 en el \u00faltimo momento su asistencia al evento no estuvo vinculada a la pol\u00e9mica del bolso de Dior, sino a su conflicto con D\u00edaz. <b>\u00abPero me supo mal porque\u00a0sab\u00eda que le iban a dar la espalda.<\/b> La gente de la industria es as\u00ed: cuando te va mal, no te apoyan tanto\u00bb, explic\u00f3.<\/p>\n<p class=\"c-paragraph\">Mar Lucas tambi\u00e9n se pronunci\u00f3 acerca de su comentada intervenci\u00f3n junto a D\u00edaz en el CCME 2025, en la que ambas, d\u00edas antes del lanzamiento de la canci\u00f3n,<b> se rieron en actitud c\u00f3mplice de la posible repercusi\u00f3n de la canci\u00f3n. <\/b>Sin embargo, seg\u00fan ella, este hecho no tiene nada que ver con Lola Lolita, ni con su reacci\u00f3n ante la colaboraci\u00f3n con Ibelky.<\/p>\n<p class=\"c-paragraph\">\u00abS\u00e9 que<b> me estoy metiendo en terreno pantanoso<\/b>, pero no s\u00e9 ser de otra manera. Llevo siendo as\u00ed con mis amigas toda mi vida\u00bb, coment\u00f3 la influencer, antes de dejar clara su escasa relaci\u00f3n con Lola Lolita.\u00a0<b>\u00ab\u00bfPuede dejar la gente de pintarlo como si fu\u00e9ramos amigas del alma?<\/b> (&#8230;) No s\u00e9 nada de su vida, ni\u00a0siquiera s\u00e9 lo que pas\u00f3 con esta persona (Marta)\u00bb, sentenci\u00f3.\u00a0<\/p>\n<p>\u00abBuscaba a un amigo de Isaac, pero fue imposible\u00bb<\/p>\n<p class=\"c-paragraph\">En otro orden de cosas, Mar Lucas dio m\u00e1s detalles acerca de su nuevo tema, Poliamor, en el que, si bien part\u00eda de una \u00abexperiencia personal\u00bb que vivi\u00f3 en el pasado con dos personas, se tom\u00f3 ciertas licencias creativas, dejando caer que estuvo con ambos \u00aba la vez\u00bb. \u00abMe hago como &#8216;la villana&#8217; porque me hizo gracia\u00bb, dijo.<\/p>\n<p class=\"c-paragraph\">Para lograr transmitir \u00abmejor\u00bb su historia en el videoclip, la influencer, desde una \u00f3ptica de marketing, lleg\u00f3 a la conclusi\u00f3n de que lo id\u00f3neo era recurrir a dos chicos, que adem\u00e1s fuesen amigos. Finalmente se decant\u00f3 por Isaac Belk, quien, seg\u00fan explic\u00f3, fue \u00ab<b>muy profesional\u00bb.<\/b><\/p>\n<p class=\"c-paragraph\">En cambio, el segundo protagonista, que muchos internautas especulan conque podr\u00eda tratarse de <b>\u00c1lvaro Su\u00e1rez,<\/b> no se lo puso tan f\u00e1cil. \u00abHubo problemas con la otra persona y me dej\u00f3 tirada en el \u00faltimo momento\u00bb, desvel\u00f3 Mar Lucas, visiblemente molesta. \u00abYo <b>estaba buscando a un amigo de Isaac, pero fue imposible\u00bb.\u00a0<\/b><\/p>\n<p class=\"c-paragraph\">Antes de poner fin a su v\u00eddeo, que no ha tardado en hacerse viral, la cantante e influencer trat\u00f3 de quitar hierro al asunto y desmarcarse de cualquier conflicto por su cari\u00f1osa actitud con Ibelky. \u00abNecesito que entend\u00e1is que <b>yo tengo que interpretar mis canciones&#8230; <\/b>(&#8230;) \u00abEs que es solo un videoclip, no entiendo nada\u00bb, agreg\u00f3.<\/p>\n","protected":false},"excerpt":{"rendered":"Tras varios d\u00edas de expectaci\u00f3n en redes, la cantante e influencer\u00a0Mar Lucas public\u00f3 este viernes su nuevo sencillo,&hellip;\n","protected":false},"author":2,"featured_media":132138,"comment_status":"","ping_status":"","sticky":false,"template":"","format":"standard","meta":{"footnotes":""},"categories":[174],"tags":[1575,255,146,147,25,24,256,7357,195,1526,1259,23],"class_list":{"0":"post-132137","1":"post","2":"type-post","3":"status-publish","4":"format-standard","5":"has-post-thumbnail","7":"category-famosos","8":"tag-ante","9":"tag-celebrities","10":"tag-entertainment","11":"tag-entretenimiento","12":"tag-es","13":"tag-espana","14":"tag-famosos","15":"tag-lucas","16":"tag-mar","17":"tag-polemica","18":"tag-responde","19":"tag-spain"},"share_on_mastodon":{"url":"","error":""},"_links":{"self":[{"href":"https:\/\/www.europesays.com\/es\/wp-json\/wp\/v2\/posts\/132137","targetHints":{"allow":["GET"]}}],"collection":[{"href":"https:\/\/www.europesays.com\/es\/wp-json\/wp\/v2\/posts"}],"about":[{"href":"https:\/\/www.europesays.com\/es\/wp-json\/wp\/v2\/types\/post"}],"author":[{"embeddable":true,"href":"https:\/\/www.europesays.com\/es\/wp-json\/wp\/v2\/users\/2"}],"replies":[{"embeddable":true,"href":"https:\/\/www.europesays.com\/es\/wp-json\/wp\/v2\/comments?post=132137"}],"version-history":[{"count":0,"href":"https:\/\/www.europesays.com\/es\/wp-json\/wp\/v2\/posts\/132137\/revisions"}],"wp:featuredmedia":[{"embeddable":true,"href":"https:\/\/www.europesays.com\/es\/wp-json\/wp\/v2\/media\/132138"}],"wp:attachment":[{"href":"https:\/\/www.europesays.com\/es\/wp-json\/wp\/v2\/media?parent=132137"}],"wp:term":[{"taxonomy":"category","embeddable":true,"href":"https:\/\/www.europesays.com\/es\/wp-json\/wp\/v2\/categories?post=132137"},{"taxonomy":"post_tag","embeddable":true,"href":"https:\/\/www.europesays.com\/es\/wp-json\/wp\/v2\/tags?post=132137"}],"curies":[{"name":"wp","href":"https:\/\/api.w.org\/{rel}","templated":true}]}}