{"id":132142,"date":"2025-09-22T16:32:12","date_gmt":"2025-09-22T16:32:12","guid":{"rendered":"https:\/\/www.europesays.com\/es\/132142\/"},"modified":"2025-09-22T16:32:12","modified_gmt":"2025-09-22T16:32:12","slug":"el-jueves-revienta-300-series-miticas","status":"publish","type":"post","link":"https:\/\/www.europesays.com\/es\/132142\/","title":{"rendered":"\u00abEl jueves\u00bb revienta 300 series m\u00edticas"},"content":{"rendered":"<p>En el n\u00famero de septiembre, la revista \u00abEl Jueves\u00bb hace un peculiar repaso por 300 series de televisi\u00f3n m\u00edticas, de diferentes \u00e9pocas, nacionales e internacionales, desde el remoto pasado cat\u00f3dico hasta la actualidad inmediata, en 300 tiras imperdibles. Tampoco faltan las secciones e historietas habituales. Igor Fern\u00e1ndez, director, y Ra\u00fal Salazar, autor de la portada, nos han dado detalles de esta selecci\u00f3n fundamental de t\u00edtulos televisivos.<\/p>\n","protected":false},"excerpt":{"rendered":"En el n\u00famero de septiembre, la revista \u00abEl Jueves\u00bb hace un peculiar repaso por 300 series de televisi\u00f3n&hellip;\n","protected":false},"author":2,"featured_media":132143,"comment_status":"","ping_status":"","sticky":false,"template":"","format":"standard","meta":{"footnotes":""},"categories":[171],"tags":[42227,146,147,25,24,133,1448,1986,1987,23,214,42226],"class_list":{"0":"post-132142","1":"post","2":"type-post","3":"status-publish","4":"format-standard","5":"has-post-thumbnail","7":"category-tv","8":"tag-el-jueves-revienta-300-series-miticas","9":"tag-entertainment","10":"tag-entretenimiento","11":"tag-es","12":"tag-espana","13":"tag-online","14":"tag-radio","15":"tag-rne","16":"tag-rtve-play","17":"tag-spain","18":"tag-tv","19":"tag-vinetas-y-bocadillos"},"share_on_mastodon":{"url":"","error":""},"_links":{"self":[{"href":"https:\/\/www.europesays.com\/es\/wp-json\/wp\/v2\/posts\/132142","targetHints":{"allow":["GET"]}}],"collection":[{"href":"https:\/\/www.europesays.com\/es\/wp-json\/wp\/v2\/posts"}],"about":[{"href":"https:\/\/www.europesays.com\/es\/wp-json\/wp\/v2\/types\/post"}],"author":[{"embeddable":true,"href":"https:\/\/www.europesays.com\/es\/wp-json\/wp\/v2\/users\/2"}],"replies":[{"embeddable":true,"href":"https:\/\/www.europesays.com\/es\/wp-json\/wp\/v2\/comments?post=132142"}],"version-history":[{"count":0,"href":"https:\/\/www.europesays.com\/es\/wp-json\/wp\/v2\/posts\/132142\/revisions"}],"wp:featuredmedia":[{"embeddable":true,"href":"https:\/\/www.europesays.com\/es\/wp-json\/wp\/v2\/media\/132143"}],"wp:attachment":[{"href":"https:\/\/www.europesays.com\/es\/wp-json\/wp\/v2\/media?parent=132142"}],"wp:term":[{"taxonomy":"category","embeddable":true,"href":"https:\/\/www.europesays.com\/es\/wp-json\/wp\/v2\/categories?post=132142"},{"taxonomy":"post_tag","embeddable":true,"href":"https:\/\/www.europesays.com\/es\/wp-json\/wp\/v2\/tags?post=132142"}],"curies":[{"name":"wp","href":"https:\/\/api.w.org\/{rel}","templated":true}]}}