{"id":132144,"date":"2025-09-22T16:33:10","date_gmt":"2025-09-22T16:33:10","guid":{"rendered":"https:\/\/www.europesays.com\/es\/132144\/"},"modified":"2025-09-22T16:33:10","modified_gmt":"2025-09-22T16:33:10","slug":"z-live-2026-anuncio-proximo","status":"publish","type":"post","link":"https:\/\/www.europesays.com\/es\/132144\/","title":{"rendered":"Z! LIVE 2026 anuncio pr\u00f3ximo"},"content":{"rendered":"<p>\u00a0<\/p>\n<p><strong>Z! LIVE 2026<\/strong> <strong>anuncio pr\u00f3ximo<\/strong><br \/>\n<img fetchpriority=\"high\" decoding=\"async\" src=\"https:\/\/www.europesays.com\/es\/wp-content\/uploads\/2025\/09\/z_25_4_500x267.jpg\" alt=\"Z\" width=\"500\" height=\"267\"\/><\/p>\n<p style=\"text-align: center;\">Si no hay cambios de \u00faltima hora, habr\u00e1 anuncio importante de bandas alrededor del festival <a href=\"https:\/\/zliverock.com\/\" target=\"_blank\" rel=\"noopener nofollow\"><strong>Z! LIVE<\/strong><\/a><strong> 2026<\/strong>. <strong>Ser\u00e1 este pr\u00f3ximo viernes 26<\/strong>.<\/p>\n<p style=\"text-align: center;\">Este <strong>viernes<\/strong> se desvelar\u00e1 <strong>un cabeza de cartel <\/strong>y la <strong>primera tanda de bandas<\/strong> que formar\u00e1n parte del festival.<\/p>\n<p style=\"text-align: center;\"><strong>El <a href=\"https:\/\/zliverock.com\/\" target=\"_blank\" rel=\"noopener nofollow\"><strong>Z! LIVE<\/strong><\/a> 2026 ya tiene fecha: del 11 al 13 de junio en Zamora<\/strong><\/p>\n<p style=\"text-align: center;\"><strong><a href=\"https:\/\/zliverock.com\/\" target=\"_blank\" rel=\"noopener nofollow\">M\u00e1s informaci\u00f3n y venta de entradas y abonos, aqui <\/a><\/strong><\/p>\n<p>Las \u00faltimas entradas del segundo pack promocionado a 120 \u20ac + gg est\u00e1n disponibles en <a href=\"http:\/\/www.zliverock.com\" target=\"_blank\" rel=\"noopener nofollow\">www.zliverock.com<\/a>.<\/p>\n<p>\u00a0<\/p>\n<p>\u00a0<\/p>\n<p>\u00a0<\/p>\n","protected":false},"excerpt":{"rendered":"\u00a0 Z! LIVE 2026 anuncio pr\u00f3ximo Si no hay cambios de \u00faltima hora, habr\u00e1 anuncio importante de bandas&hellip;\n","protected":false},"author":2,"featured_media":132145,"comment_status":"","ping_status":"","sticky":false,"template":"","format":"standard","meta":{"footnotes":""},"categories":[170],"tags":[146,147,25,24,184,185,23,42228],"class_list":{"0":"post-132144","1":"post","2":"type-post","3":"status-publish","4":"format-standard","5":"has-post-thumbnail","7":"category-musica","8":"tag-entertainment","9":"tag-entretenimiento","10":"tag-es","11":"tag-espana","12":"tag-music","13":"tag-musica","14":"tag-spain","15":"tag-z-live-rock-fest"},"share_on_mastodon":{"url":"","error":""},"_links":{"self":[{"href":"https:\/\/www.europesays.com\/es\/wp-json\/wp\/v2\/posts\/132144","targetHints":{"allow":["GET"]}}],"collection":[{"href":"https:\/\/www.europesays.com\/es\/wp-json\/wp\/v2\/posts"}],"about":[{"href":"https:\/\/www.europesays.com\/es\/wp-json\/wp\/v2\/types\/post"}],"author":[{"embeddable":true,"href":"https:\/\/www.europesays.com\/es\/wp-json\/wp\/v2\/users\/2"}],"replies":[{"embeddable":true,"href":"https:\/\/www.europesays.com\/es\/wp-json\/wp\/v2\/comments?post=132144"}],"version-history":[{"count":0,"href":"https:\/\/www.europesays.com\/es\/wp-json\/wp\/v2\/posts\/132144\/revisions"}],"wp:featuredmedia":[{"embeddable":true,"href":"https:\/\/www.europesays.com\/es\/wp-json\/wp\/v2\/media\/132145"}],"wp:attachment":[{"href":"https:\/\/www.europesays.com\/es\/wp-json\/wp\/v2\/media?parent=132144"}],"wp:term":[{"taxonomy":"category","embeddable":true,"href":"https:\/\/www.europesays.com\/es\/wp-json\/wp\/v2\/categories?post=132144"},{"taxonomy":"post_tag","embeddable":true,"href":"https:\/\/www.europesays.com\/es\/wp-json\/wp\/v2\/tags?post=132144"}],"curies":[{"name":"wp","href":"https:\/\/api.w.org\/{rel}","templated":true}]}}