{"id":132148,"date":"2025-09-22T16:35:15","date_gmt":"2025-09-22T16:35:15","guid":{"rendered":"https:\/\/www.europesays.com\/es\/132148\/"},"modified":"2025-09-22T16:35:15","modified_gmt":"2025-09-22T16:35:15","slug":"london-johnson-refuerzo-para-el-perimetro-del-alimerka-ocb","status":"publish","type":"post","link":"https:\/\/www.europesays.com\/es\/132148\/","title":{"rendered":"London Johnson, refuerzo para el per\u00edmetro del Alimerka OCB"},"content":{"rendered":"<p>El Alimerka Oviedo Baloncesto y el jugador London Johnson (Norcross, Georgia, 2004, 1,91m) han llegado a un acuerdo para la incorporaci\u00f3n del escolta a la disciplina del primer equipo. Johnson cuenta con doble nacionalidad estadounidense y jamaicana, selecci\u00f3n con la que ha competido en categor\u00edas inferiores. <\/p>\n<p>Formado en el instituto de Norcross y pretendido por varios de los mejores programas NCAA, en 2022 decidi\u00f3 dar el salto directamente a la liga de desarrollo de la NBA. En G-League tuvo un impacto inmediato promediando 10,1 puntos, 2,9 asistencias y 1,9 rebotes en 36 partidos durante la temporada 2022-23 en la franquicia de desarrollo Ignite. Guarismos que pr\u00e1cticamente conserv\u00f3 la temporada siguiente. <\/p>\n<p>Tras el cierre del programa de desarrollo NBA, Johnson pas\u00f3 el a\u00f1o pasado por Maine Celtics y Cleveland Charge para recalar este verano en la liga de Rep\u00fablica Dominicana. Con Soles de Santo Domingo ha elevado sus n\u00fameros con 11 puntos de media y m\u00e1s de 40% en triples en los cinco partidos que ha disputado. <\/p>\n<p>El jugador se pondr\u00e1 a las \u00f3rdenes de Javi Rodr\u00edguez esta semana. Desde el club le deseamos una pronta adaptaci\u00f3n y los mayores de los \u00e9xitos en el inicio de su periplo europeo en la capital del Principado de Asturias.  <\/p>\n","protected":false},"excerpt":{"rendered":"El Alimerka Oviedo Baloncesto y el jugador London Johnson (Norcross, Georgia, 2004, 1,91m) han llegado a un acuerdo&hellip;\n","protected":false},"author":2,"featured_media":132149,"comment_status":"","ping_status":"","sticky":false,"template":"","format":"standard","meta":{"footnotes":""},"categories":[93],"tags":[168,25,24,23,167],"class_list":{"0":"post-132148","1":"post","2":"type-post","3":"status-publish","4":"format-standard","5":"has-post-thumbnail","7":"category-deportes","8":"tag-deportes","9":"tag-es","10":"tag-espana","11":"tag-spain","12":"tag-sports"},"share_on_mastodon":{"url":"","error":""},"_links":{"self":[{"href":"https:\/\/www.europesays.com\/es\/wp-json\/wp\/v2\/posts\/132148","targetHints":{"allow":["GET"]}}],"collection":[{"href":"https:\/\/www.europesays.com\/es\/wp-json\/wp\/v2\/posts"}],"about":[{"href":"https:\/\/www.europesays.com\/es\/wp-json\/wp\/v2\/types\/post"}],"author":[{"embeddable":true,"href":"https:\/\/www.europesays.com\/es\/wp-json\/wp\/v2\/users\/2"}],"replies":[{"embeddable":true,"href":"https:\/\/www.europesays.com\/es\/wp-json\/wp\/v2\/comments?post=132148"}],"version-history":[{"count":0,"href":"https:\/\/www.europesays.com\/es\/wp-json\/wp\/v2\/posts\/132148\/revisions"}],"wp:featuredmedia":[{"embeddable":true,"href":"https:\/\/www.europesays.com\/es\/wp-json\/wp\/v2\/media\/132149"}],"wp:attachment":[{"href":"https:\/\/www.europesays.com\/es\/wp-json\/wp\/v2\/media?parent=132148"}],"wp:term":[{"taxonomy":"category","embeddable":true,"href":"https:\/\/www.europesays.com\/es\/wp-json\/wp\/v2\/categories?post=132148"},{"taxonomy":"post_tag","embeddable":true,"href":"https:\/\/www.europesays.com\/es\/wp-json\/wp\/v2\/tags?post=132148"}],"curies":[{"name":"wp","href":"https:\/\/api.w.org\/{rel}","templated":true}]}}