{"id":132159,"date":"2025-09-22T16:41:17","date_gmt":"2025-09-22T16:41:17","guid":{"rendered":"https:\/\/www.europesays.com\/es\/132159\/"},"modified":"2025-09-22T16:41:17","modified_gmt":"2025-09-22T16:41:17","slug":"encuentran-un-segundo-cadaver-tras-las-lluvias-torrenciales-en-cataluna","status":"publish","type":"post","link":"https:\/\/www.europesays.com\/es\/132159\/","title":{"rendered":"Encuentran un segundo cad\u00e1ver tras las lluvias torrenciales en Catalu\u00f1a"},"content":{"rendered":"<p>    <img src=\"https:\/\/www.europesays.com\/es\/wp-content\/uploads\/2025\/09\/2025-09-22T143A313A02Z-90047199.jpg\" width=\"805\" height=\"768\" alt=\"\" loading=\"eager\" decoding=\"sync\" fetchpriority=\"high\"\/><\/p>\n<p>            afp_tickers        <\/p>\n<p>        Este contenido fue publicado en    <\/p>\n<p>        22 septiembre 2025 &#8211; 16:31\n<\/p>\n<p>Los bomberos encontraron este lunes un segundo cuerpo en un cauce pr\u00f3ximo a Sant Quint\u00ed de Mediona, unos 50 km al oeste de Barcelona, elevando a dos la cifra de fallecidos por las fuertes lluvias de la v\u00edspera en la regi\u00f3n espa\u00f1ola de Catalu\u00f1a.<\/p>\n<p>\u00abLocalizamos un segundo cuerpo, pendiente de identificar, en la b\u00fasqueda de Sant Quint\u00ed de Mediona\u00bb, indicaron los bomberos catalanes en su cuenta de X.<\/p>\n<p>\u00abEl cuerpo podr\u00eda corresponderse a la persona que buscamos desde ayer, que se vio arrastrada por un crecimiento repentino de la riera (lecho de un torrente estacional) de Mediona\u00bb, precisaron.\u00a0<\/p>\n<p>Desde la tarde del domingo, los servicios de rescate buscaban a los dos ocupantes de un veh\u00edculo que fue sorprendido por las precipitaciones torrenciales que cayeron durante la jornada en el noreste de Espa\u00f1a.\u00a0<\/p>\n<p>Un primer cuerpo, el de un menor, fue encontrado al inicio de la noche en un r\u00edo de Sant Pere de Riudebitlles, a pocos kil\u00f3metros de Sant Quint\u00ed de Mediona, informaron los bomberos.\u00a0<\/p>\n<p>Las lluvias torrenciales que cayeron el domingo en Catalu\u00f1a provocaron interrupciones en los transportes tanto por carretera como en el tr\u00e1fico a\u00e9reo, obligando a cancelar o atrasar varios vuelos con origen o destino al aeropuerto de Barcelona.<\/p>\n<p>Igualmente, el servicio de trenes de cercan\u00edas se interrumpi\u00f3 temporalmente en algunas l\u00edneas debido a deslizamientos de tierra y la ca\u00edda de \u00e1rboles.<\/p>\n<p>En octubre de 2024, lluvias torrenciales provocaron devastadoras inundaciones especialmente en el \u00e1rea de Valencia, donde se concentraron la mayor\u00eda de las 229 v\u00edctimas.<\/p>\n<p>Este fen\u00f3meno provoc\u00f3 destrucci\u00f3n generalizada y fue el desastre natural m\u00e1s mort\u00edfero en d\u00e9cadas en Espa\u00f1a.<\/p>\n<p>Dado que una atm\u00f3sfera m\u00e1s c\u00e1lida retiene m\u00e1s agua, el cambio clim\u00e1tico aumenta el riesgo y la intensidad de las inundaciones provocadas por lluvias extremas, seg\u00fan los expertos.<\/p>\n<p>bur-meg\/rs\/an<\/p>\n","protected":false},"excerpt":{"rendered":"afp_tickers Este contenido fue publicado en 22 septiembre 2025 &#8211; 16:31 Los bomberos encontraron este lunes un segundo&hellip;\n","protected":false},"author":2,"featured_media":132160,"comment_status":"","ping_status":"","sticky":false,"template":"","format":"standard","meta":{"footnotes":""},"categories":[8],"tags":[17,18,637,638,25,24,13,14,42230,11,19,20,10124,9,10,15,16,23,90,12,21,22,15537],"class_list":{"0":"post-132159","1":"post","2":"type-post","3":"status-publish","4":"format-standard","5":"has-post-thumbnail","7":"category-espana","8":"tag-breaking-news","9":"tag-breakingnews","10":"tag-disaster","11":"tag-disaster-general","12":"tag-es","13":"tag-espana","14":"tag-featured-news","15":"tag-featurednews","16":"tag-flood","17":"tag-headlines","18":"tag-latest-news","19":"tag-latestnews","20":"tag-natural-disasters","21":"tag-news","22":"tag-noticias","23":"tag-noticias-destacadas","24":"tag-noticiasdestacadas","25":"tag-spain","26":"tag-ticker","27":"tag-titulares","28":"tag-ultimas-noticias","29":"tag-ultimasnoticias","30":"tag-weather"},"share_on_mastodon":{"url":"","error":""},"_links":{"self":[{"href":"https:\/\/www.europesays.com\/es\/wp-json\/wp\/v2\/posts\/132159","targetHints":{"allow":["GET"]}}],"collection":[{"href":"https:\/\/www.europesays.com\/es\/wp-json\/wp\/v2\/posts"}],"about":[{"href":"https:\/\/www.europesays.com\/es\/wp-json\/wp\/v2\/types\/post"}],"author":[{"embeddable":true,"href":"https:\/\/www.europesays.com\/es\/wp-json\/wp\/v2\/users\/2"}],"replies":[{"embeddable":true,"href":"https:\/\/www.europesays.com\/es\/wp-json\/wp\/v2\/comments?post=132159"}],"version-history":[{"count":0,"href":"https:\/\/www.europesays.com\/es\/wp-json\/wp\/v2\/posts\/132159\/revisions"}],"wp:featuredmedia":[{"embeddable":true,"href":"https:\/\/www.europesays.com\/es\/wp-json\/wp\/v2\/media\/132160"}],"wp:attachment":[{"href":"https:\/\/www.europesays.com\/es\/wp-json\/wp\/v2\/media?parent=132159"}],"wp:term":[{"taxonomy":"category","embeddable":true,"href":"https:\/\/www.europesays.com\/es\/wp-json\/wp\/v2\/categories?post=132159"},{"taxonomy":"post_tag","embeddable":true,"href":"https:\/\/www.europesays.com\/es\/wp-json\/wp\/v2\/tags?post=132159"}],"curies":[{"name":"wp","href":"https:\/\/api.w.org\/{rel}","templated":true}]}}