{"id":132161,"date":"2025-09-22T16:49:05","date_gmt":"2025-09-22T16:49:05","guid":{"rendered":"https:\/\/www.europesays.com\/es\/132161\/"},"modified":"2025-09-22T16:49:05","modified_gmt":"2025-09-22T16:49:05","slug":"sergio-galan-diego-ventura-y-guillermo-hermoso-de-mendoza-en-la-de-rejones-de-logrono","status":"publish","type":"post","link":"https:\/\/www.europesays.com\/es\/132161\/","title":{"rendered":"Sergio Gal\u00e1n, Diego Ventura y Guillermo Hermoso de Mendoza, en la de rejones de Logro\u00f1o"},"content":{"rendered":"<p>Abri\u00f3 plaza un toro de <strong>El Capea<\/strong> de lujo, por contituista y por la fijeza que tuvo. Con \u00e9l <strong>Sergio Gal\u00e1n<\/strong> hizo lo m\u00e1s destacado con Capote y con Capricho poniendo banderillas al quiebro, y dibujando aut\u00e9nticos muletazos jugando con las ancas y la cola de los caballos. Al final, con adornos muy dispuestos montando a \u00d3leo, de pelo isabelo, mat\u00f3 de un rejonazo de muerte despu\u00e9s de dos pinchazos siendo ovacionado.<\/p>\n<p><strong>Logro\u00f1o<\/strong>. Lunes 22 de septiembre de 2025. Toros de <strong>El Capea<\/strong> (1\u00ba), <strong>Carmen Lorenzo<\/strong> y <strong>San Pelayo<\/strong> (3\u00ba) . <strong>Sergio Gal\u00e1n, <\/strong>ovaci\u00f3n;<strong> Diego Ventura y Guillermo Hermoso de Mendoza. Entrada<\/strong>: Un tercio.<\/p>\n","protected":false},"excerpt":{"rendered":"Abri\u00f3 plaza un toro de El Capea de lujo, por contituista y por la fijeza que tuvo. Con&hellip;\n","protected":false},"author":2,"featured_media":132162,"comment_status":"","ping_status":"","sticky":false,"template":"","format":"standard","meta":{"footnotes":""},"categories":[277],"tags":[45,373,168,25,24,6173,23,167,374],"class_list":{"0":"post-132161","1":"post","2":"type-post","3":"status-publish","4":"format-standard","5":"has-post-thumbnail","7":"category-toreo","8":"tag-45","9":"tag-bullfighting","10":"tag-deportes","11":"tag-es","12":"tag-espana","13":"tag-logrono","14":"tag-spain","15":"tag-sports","16":"tag-toreo"},"share_on_mastodon":{"url":"","error":""},"_links":{"self":[{"href":"https:\/\/www.europesays.com\/es\/wp-json\/wp\/v2\/posts\/132161","targetHints":{"allow":["GET"]}}],"collection":[{"href":"https:\/\/www.europesays.com\/es\/wp-json\/wp\/v2\/posts"}],"about":[{"href":"https:\/\/www.europesays.com\/es\/wp-json\/wp\/v2\/types\/post"}],"author":[{"embeddable":true,"href":"https:\/\/www.europesays.com\/es\/wp-json\/wp\/v2\/users\/2"}],"replies":[{"embeddable":true,"href":"https:\/\/www.europesays.com\/es\/wp-json\/wp\/v2\/comments?post=132161"}],"version-history":[{"count":0,"href":"https:\/\/www.europesays.com\/es\/wp-json\/wp\/v2\/posts\/132161\/revisions"}],"wp:featuredmedia":[{"embeddable":true,"href":"https:\/\/www.europesays.com\/es\/wp-json\/wp\/v2\/media\/132162"}],"wp:attachment":[{"href":"https:\/\/www.europesays.com\/es\/wp-json\/wp\/v2\/media?parent=132161"}],"wp:term":[{"taxonomy":"category","embeddable":true,"href":"https:\/\/www.europesays.com\/es\/wp-json\/wp\/v2\/categories?post=132161"},{"taxonomy":"post_tag","embeddable":true,"href":"https:\/\/www.europesays.com\/es\/wp-json\/wp\/v2\/tags?post=132161"}],"curies":[{"name":"wp","href":"https:\/\/api.w.org\/{rel}","templated":true}]}}