{"id":132169,"date":"2025-09-22T16:57:08","date_gmt":"2025-09-22T16:57:08","guid":{"rendered":"https:\/\/www.europesays.com\/es\/132169\/"},"modified":"2025-09-22T16:57:08","modified_gmt":"2025-09-22T16:57:08","slug":"alessandro-lequio-sale-escaldado-tras-intentar-ridiculizar-a-alejandra-rubio-en-vamos-a-ver-telecinco","status":"publish","type":"post","link":"https:\/\/www.europesays.com\/es\/132169\/","title":{"rendered":"Alessandro Lequio sale escaldado tras intentar ridiculizar a Alejandra Rubio en &#8216;Vamos a ver&#8217; (Telecinco)"},"content":{"rendered":"\n<p> Como cada d\u00eda, <strong>Vamos a ver<\/strong> ha comentado la \u00faltima hora de Supervivientes All Stars con sus colaboradores habituales desde Telecinco. Y de nuevo, <strong>Alessandro Lequio ha puesto la nota discordante al programa de actualidad.<\/strong> <\/p>\n<p> En un momento determinado, <a href=\"https:\/\/www.elconfidencial.com\/television\/programas-tv\/2025-09-13\/alejandra-rubio-rocio-flores-polemica-rencor-familia_4208274\/\" target=\"_blank\" rel=\"nofollow noopener\">Alejandra Rubio<\/a> dec\u00eda la siguiente frase sobre una concursante: <strong>\u00abMiri lo est\u00e1 haciendo muy bien bajo mi punto de vista\u00bb<\/strong>, con relaci\u00f3n a su acercamiento amoroso con Alejandro Albal\u00e1. <\/p>\n<p> Pero lejos de comentar el contenido, <a href=\"https:\/\/www.elconfidencial.com\/television\/programas-tv\/2025-09-09\/alessandro-lequio-mar-flores-orgulloso_4205538\/\" target=\"_blank\" rel=\"nofollow noopener\">Alessandro<\/a> correg\u00eda su forma de hablar: <strong>\u00abNo se dice &#8216;bajo&#8217;, se dice &#8216;desde mi punto de vista&#8217;. <\/strong>Arcadi Espada se lo dijo a Ana Rosa. Es de traca que un italiano tenga que corregir a una espa\u00f1ola\u00bb <\/p>\n<p> <strong>\u00abBueno, desde lo que a m\u00ed me apetezca y gracias.<\/strong> \u00abMe voy a callar\u00bb, era la forma en la que respond\u00eda la tertuliana, evitando un nuevo conflicto entre ambos. <\/p>\n<p>                Alessandro Lequio. (Mediaset Espa\u00f1a)            <\/p>\n<p> Pero pasados unos minutos, Patricia Pardo paraba el programa para decir lo siguiente: <strong>\u00abDirecci\u00f3n lo ha consultado con la RAE y se pueden decir las dos formas.<\/strong> &#8216;Bajo mi punto de vista&#8217; y &#8216;desde mi punto de vista\u00bb. <\/p>\n<p> Como era de esperar, la hija de Terelu Campos aprovechaba esta peque\u00f1a victoria: <strong>\u00abAhora me toca hablar a m\u00ed, a ver si te callas un rato<\/strong>, hijo m\u00edo, que no te callas ni debajo del agua\u00bb. <\/p>\n<p> \u00abAdem\u00e1s, <strong>le pod\u00e9is pagar mi sueldo porque como cada vez que hablo tiene algo que aportar&#8230; <\/strong>Cuando voy a hablar tambi\u00e9n me da la palabra. \u00c9l es colaborador, presentador, se\u00f1or que se enfada&#8230;\u00bb, a\u00f1ad\u00eda. <\/p>\n<p>                    Alejandra Rubio. (Mediaset Espa\u00f1a)            <\/p>\n<p> <strong>\u00abEs verdad, hago de todo, va en mi sueldo hacer estas cosas\u00bb<\/strong>, respond\u00eda \u00e9l, haciendo referencia de nuevo a Arcadi Espada y lo que supuesta asegura ling\u00fc\u00edsticamente. Por suerte el tema se ha quedado ah\u00ed y el peque\u00f1o conflicto no ha ido a m\u00e1s. <\/p>\n<p> Como cada d\u00eda, <strong>Vamos a ver<\/strong> ha comentado la \u00faltima hora de Supervivientes All Stars con sus colaboradores habituales desde Telecinco. Y de nuevo, <strong>Alessandro Lequio ha puesto la nota discordante al programa de actualidad.<\/strong> <\/p>\n","protected":false},"excerpt":{"rendered":"Como cada d\u00eda, Vamos a ver ha comentado la \u00faltima hora de Supervivientes All Stars con sus colaboradores&hellip;\n","protected":false},"author":2,"featured_media":132170,"comment_status":"","ping_status":"","sticky":false,"template":"","format":"standard","meta":{"footnotes":""},"categories":[174],"tags":[255,146,147,25,24,256,23],"class_list":{"0":"post-132169","1":"post","2":"type-post","3":"status-publish","4":"format-standard","5":"has-post-thumbnail","7":"category-famosos","8":"tag-celebrities","9":"tag-entertainment","10":"tag-entretenimiento","11":"tag-es","12":"tag-espana","13":"tag-famosos","14":"tag-spain"},"share_on_mastodon":{"url":"","error":""},"_links":{"self":[{"href":"https:\/\/www.europesays.com\/es\/wp-json\/wp\/v2\/posts\/132169","targetHints":{"allow":["GET"]}}],"collection":[{"href":"https:\/\/www.europesays.com\/es\/wp-json\/wp\/v2\/posts"}],"about":[{"href":"https:\/\/www.europesays.com\/es\/wp-json\/wp\/v2\/types\/post"}],"author":[{"embeddable":true,"href":"https:\/\/www.europesays.com\/es\/wp-json\/wp\/v2\/users\/2"}],"replies":[{"embeddable":true,"href":"https:\/\/www.europesays.com\/es\/wp-json\/wp\/v2\/comments?post=132169"}],"version-history":[{"count":0,"href":"https:\/\/www.europesays.com\/es\/wp-json\/wp\/v2\/posts\/132169\/revisions"}],"wp:featuredmedia":[{"embeddable":true,"href":"https:\/\/www.europesays.com\/es\/wp-json\/wp\/v2\/media\/132170"}],"wp:attachment":[{"href":"https:\/\/www.europesays.com\/es\/wp-json\/wp\/v2\/media?parent=132169"}],"wp:term":[{"taxonomy":"category","embeddable":true,"href":"https:\/\/www.europesays.com\/es\/wp-json\/wp\/v2\/categories?post=132169"},{"taxonomy":"post_tag","embeddable":true,"href":"https:\/\/www.europesays.com\/es\/wp-json\/wp\/v2\/tags?post=132169"}],"curies":[{"name":"wp","href":"https:\/\/api.w.org\/{rel}","templated":true}]}}