{"id":132171,"date":"2025-09-22T16:59:15","date_gmt":"2025-09-22T16:59:15","guid":{"rendered":"https:\/\/www.europesays.com\/es\/132171\/"},"modified":"2025-09-22T16:59:15","modified_gmt":"2025-09-22T16:59:15","slug":"quim-espanol-enfrenta-a-un-medico-pacifista-a-la-guerra-de-ucrania","status":"publish","type":"post","link":"https:\/\/www.europesays.com\/es\/132171\/","title":{"rendered":"Quim Espa\u00f1ol enfrenta a un m\u00e9dico pacifista a la guerra de Ucrania"},"content":{"rendered":"<p data-gtm-element-container=\"modulo-texto-link\" class=\"paragraph\">\u00bfQu\u00e9 hace un pacifista radical cuando su pa\u00eds entra en guerra? \u00bfQu\u00e9 pesa m\u00e1s, entonces, la venganza o el amor? Quim Espa\u00f1ol (Girona, 1945) se hace preguntas como estas en Virgil (Edicions de 1984), en que sigue el periplo del doctor Virgil N\u00f3vak, neurocirujano jubilado que durante los primeros tiempos de la invasi\u00f3n rusa de Ucrania se implica en la guerra a causa de una tragedia. \u201cParec\u00eda la odisea de un Ulises recorriendo exclusivamente las tierras oscuras, las tormentas y las tinieblas del hades para no llegar a ning\u00fan sitio\u201d, escribe en un momento determinado.<\/p>\n<p data-gtm-element-container=\"modulo-texto-link\" class=\"paragraph\">Y es que el libro relata una historia real llena de sombras, una tragedia interior que el escritor y arquitecto cree que era \u201cmoralmente obligatorio explicar\u201d para tratar de entender c\u00f3mo \u201cun hombre pacifista atraviesa las l\u00edneas morales y en una bajada a los infiernos se transforma en alguien que pasa sus propias l\u00edneas rojas\u201d.<\/p>\n<p>Jornada po\u00e9tica en La Setmana del Llibre en Catal\u00e0<\/p>\n<p class=\"module-text\">Entre los muchos actos po\u00e9ticos de la tarde del martes habr\u00e1 un homenaje y presentaci\u00f3n de la biograf\u00eda de Josep M. Llompart (17.15 h), un recital de Susanna Rafart, Maica Rafecas y Josep Santesmases (18.45 h), la presentaci\u00f3n de las reediciones de Josep Carner (19 h), los versos de Hafez de Shiraz con Manuel Forcano (19.30 h) y otro recital de Antonina Canyelles, \u201cla mujer bala de la poes\u00eda\u201d (20 h). Tambi\u00e9n se presenta el libro p\u00f3stumo de Ramon Guillem, Ales (17 h), habr\u00e1 una conversaci\u00f3n sobre William Faulkner y Carson McCullers con N\u00faria Bendicho y Marina Porras o la presentaci\u00f3n de Qu\u00e8 en dir\u00e9 del dia d\u2019avui de Youssef El Maimouni (19.45 h).<\/p>\n<p>    Lee tambi\u00e9n<\/p>\n<p data-gtm-element-container=\"modulo-texto-link\" class=\"paragraph\">Espa\u00f1ol lleg\u00f3 a ella tras conocer a finales de verano del 2022, en una manifestaci\u00f3n contra la guerra de Ucrania, a la mujer y la nuera del doctor N\u00f3vak, refugiadas en Barcelona. \u201cMe explicaron unos hechos estremecedores y unos d\u00edas m\u00e1s tarde nos reencontramos\u201d, recuerda el autor, que posteriormente viaj\u00f3 a Kyiv, donde se encontr\u00f3 con N\u00f3vak.<\/p>\n<p data-gtm-element-container=\"modulo-texto-link\" class=\"paragraph\">\u201cEs una novela que tiene un valor documental\u201d, asegura, pero tambi\u00e9n admite que se pueda hacer una cierta lectura pol\u00edtica del presente, puesto que no se priva de recordar figuras importantes para explicar la deriva de la Rusia actual como la de Vladislav Surkov: \u201cEs quien rescata del KGB Putin, a quien hizo de asesor durante muchos a\u00f1os, y predijo un mundo actual en que impera la inversi\u00f3n de la mentira\u201d. Entre las conversaciones de los personajes del libro tambi\u00e9n salen Iv\u00e1n Ily\u00edn \u2013a quien Putin llega a rendir honores de Estado cuando en el 2009 sus restos volvieron a Russia\u2013 o Alex\u00e1nder Duguin, que lleg\u00f3 a decir que los que se oponen a Putin son unos enfermos mentales, y a quien Espa\u00f1ol no duda en definir como \u201cun fascista sin fronteras\u201d.<\/p>\n<p>La Col\u00b7lectiva, nueva colecci\u00f3n de bolsillo<\/p>\n<p class=\"module-text\">El grupo Abacus Futur ha presentado una nueva colecci\u00f3n de libros de bolsillo, La Col\u00b7lectiva, con la intenci\u00f3n de aglutinar y dar una nueva vida a \u00e9xitos propios pero que tambi\u00e9n est\u00e1 abierta a iniciativas de otras editoriales. Entre los primeros t\u00edtulos est\u00e1n La vida que aprenc, de Carles Soldevila; Nosaltres, despr\u00e9s, de S\u00edlvia Soler, o 32 de mar\u00e7, de Xavier Bosch.<\/p>\n<p data-gtm-element-container=\"modulo-texto-link\" class=\"paragraph\">Para el autor, \u201cla novela es un laboratorio de exploraci\u00f3n moral sobre aquello que nos hace humanos, una maquinaria de emisi\u00f3n de significados ambiguos\u201d ante los cuales es el lector quien debe tomar posici\u00f3n. \u201cLa novela tiene que susurrar al lector que las cosas son m\u00e1s complicadas de lo que parecen\u201d, reflexiona, convencido de que la literatura permite reflejar la complejidad del mundo. Adem\u00e1s de la arquitectura, Espa\u00f1ol tambi\u00e9n se ha dedicado a la poes\u00eda, un hecho que \u201ccondiciona el lenguaje, ya que el de la novela tiene que ser simple, limpio, suficiente y necesario, pero en funci\u00f3n de lo que narres tiene que tener contrapuntos que hagan volar al lenguaje\u201d, dice, antes de concluir que \u201cigual que como arquitecto tengo que poner orden en los materiales, a veces de forma intuitiva, la novela es otra manera de ordenar el caos\u201d.<\/p>\n<p data-gtm-element-container=\"modulo-texto-link\" class=\"paragraph\">\u201cSe puede ir a la guerra por venganza o por la patria, pero tambi\u00e9n se puede ir por generosidad, para defender la vida de tus compatriotas arriesgando la propia, sufriendo en cada instante por el miedo de morir y el trauma de matar\u201d, le dicen a N\u00f3vak en los primeros pasos del conflicto. A veces, cuando la vida nos empuja, no se puede escoger.<\/p>\n","protected":false},"excerpt":{"rendered":"\u00bfQu\u00e9 hace un pacifista radical cuando su pa\u00eds entra en guerra? \u00bfQu\u00e9 pesa m\u00e1s, entonces, la venganza o&hellip;\n","protected":false},"author":2,"featured_media":132172,"comment_status":"","ping_status":"","sticky":false,"template":"","format":"standard","meta":{"footnotes":""},"categories":[172],"tags":[224,146,147,25,24,225,23],"class_list":{"0":"post-132171","1":"post","2":"type-post","3":"status-publish","4":"format-standard","5":"has-post-thumbnail","7":"category-libros","8":"tag-books","9":"tag-entertainment","10":"tag-entretenimiento","11":"tag-es","12":"tag-espana","13":"tag-libros","14":"tag-spain"},"share_on_mastodon":{"url":"","error":""},"_links":{"self":[{"href":"https:\/\/www.europesays.com\/es\/wp-json\/wp\/v2\/posts\/132171","targetHints":{"allow":["GET"]}}],"collection":[{"href":"https:\/\/www.europesays.com\/es\/wp-json\/wp\/v2\/posts"}],"about":[{"href":"https:\/\/www.europesays.com\/es\/wp-json\/wp\/v2\/types\/post"}],"author":[{"embeddable":true,"href":"https:\/\/www.europesays.com\/es\/wp-json\/wp\/v2\/users\/2"}],"replies":[{"embeddable":true,"href":"https:\/\/www.europesays.com\/es\/wp-json\/wp\/v2\/comments?post=132171"}],"version-history":[{"count":0,"href":"https:\/\/www.europesays.com\/es\/wp-json\/wp\/v2\/posts\/132171\/revisions"}],"wp:featuredmedia":[{"embeddable":true,"href":"https:\/\/www.europesays.com\/es\/wp-json\/wp\/v2\/media\/132172"}],"wp:attachment":[{"href":"https:\/\/www.europesays.com\/es\/wp-json\/wp\/v2\/media?parent=132171"}],"wp:term":[{"taxonomy":"category","embeddable":true,"href":"https:\/\/www.europesays.com\/es\/wp-json\/wp\/v2\/categories?post=132171"},{"taxonomy":"post_tag","embeddable":true,"href":"https:\/\/www.europesays.com\/es\/wp-json\/wp\/v2\/tags?post=132171"}],"curies":[{"name":"wp","href":"https:\/\/api.w.org\/{rel}","templated":true}]}}