{"id":132173,"date":"2025-09-22T17:00:23","date_gmt":"2025-09-22T17:00:23","guid":{"rendered":"https:\/\/www.europesays.com\/es\/132173\/"},"modified":"2025-09-22T17:00:23","modified_gmt":"2025-09-22T17:00:23","slug":"maria-casado-se-atraganta-en-directo-en-informativos-telecinco-y-tiene-que-ser-rescatada-por-carmen-corazzini","status":"publish","type":"post","link":"https:\/\/www.europesays.com\/es\/132173\/","title":{"rendered":"Mar\u00eda Casado se atraganta en directo en &#8216;Informativos Telecinco&#8217; y tiene que ser rescatada por Carmen Corazzini"},"content":{"rendered":"<p class=\"ft-text\">Noche complicada en\u00a0&#8216;Informativos <a class=\"ft-link ft-link--decoration\" href=\"https:\/\/www.informacion.es\/tags\/telecinco\/\" rel=\"nofollow noopener\" target=\"_blank\">Telecinco<\/a>&#8216;. La presentadora\u00a0<strong>Mar\u00eda Casado<\/strong>\u00a0sufri\u00f3 un inesperado atragantamiento en pleno directo, lo que oblig\u00f3 a que su compa\u00f1era\u00a0<strong>Carmen Corazzini<\/strong>\u00a0tomara las riendas de la emisi\u00f3n durante varios minutos para evitar que el contratiempo afectase al desarrollo del informativo.<\/p>\n<p class=\"ft-text\">Todo ocurri\u00f3 pasados unos 15 minutos de la edici\u00f3n de anoche, justo cuando Casado informaba de los\u00a0<strong>incendios forestales<\/strong>\u00a0que contin\u00faan activos en distintas comunidades del pa\u00eds. Con las im\u00e1genes de las llamas de fondo, la periodista intentaba dar la informaci\u00f3n con normalidad, aunque ya se percib\u00eda un cierto quiebro en su voz:\u00a0\u201cSon dos en Galicia, en Lugo y Ourense, tres en Extremadura, en la provincia de C\u00e1ceres&#8230;\u201d. Fue en ese momento cuando la voz empez\u00f3 a cortarse hasta que, tras a\u00f1adir\u00a0\u201cy ya de menos alcance\u201d, estall\u00f3 en tos y tuvo que disculparse ante los espectadores.<\/p>\n<p class=\"ft-text\">El directo continu\u00f3 unos segundos con im\u00e1genes de archivo de los incendios mientras se escuchaba el silencio en plat\u00f3. Fue entonces cuando entr\u00f3 la voz de\u00a0<strong>Carmen Corazzini<\/strong>, quien retom\u00f3 la narraci\u00f3n sin hacer ninguna alusi\u00f3n a lo ocurrido, garantizando la continuidad de la emisi\u00f3n. Eso s\u00ed, durante varios segundos se produjo cierta descoordinaci\u00f3n, ya que mientras Corazzini abordaba otra noticia, la realizaci\u00f3n segu\u00eda mostrando im\u00e1genes de los fuegos.<\/p>\n<p class=\"ft-text\">Al regresar de la pieza, era Corazzini quien aparec\u00eda en plat\u00f3, sustituyendo a Casado, que desapareci\u00f3 durante unos cinco minutos. Pasado ese tiempo, la presentadora titular regres\u00f3 a su silla en la mesa principal con semblante serio y la voz a\u00fan algo tocada, aunque sin hacer menci\u00f3n alguna al incidente.<\/p>\n","protected":false},"excerpt":{"rendered":"Noche complicada en\u00a0&#8216;Informativos Telecinco&#8216;. La presentadora\u00a0Mar\u00eda Casado\u00a0sufri\u00f3 un inesperado atragantamiento en pleno directo, lo que oblig\u00f3 a que&hellip;\n","protected":false},"author":2,"featured_media":132174,"comment_status":"","ping_status":"","sticky":false,"template":"","format":"standard","meta":{"footnotes":""},"categories":[171],"tags":[42231,14750,12691,42233,2125,146,147,25,24,10848,1932,42232,8643,23,692,2076,214],"class_list":{"0":"post-132173","1":"post","2":"type-post","3":"status-publish","4":"format-standard","5":"has-post-thumbnail","7":"category-tv","8":"tag-atraganta","9":"tag-carmen","10":"tag-casado","11":"tag-corazzini","12":"tag-directo","13":"tag-entertainment","14":"tag-entretenimiento","15":"tag-es","16":"tag-espana","17":"tag-informativos","18":"tag-maria","19":"tag-rescatada","20":"tag-ser","21":"tag-spain","22":"tag-telecinco","23":"tag-tiene","24":"tag-tv"},"share_on_mastodon":{"url":"","error":""},"_links":{"self":[{"href":"https:\/\/www.europesays.com\/es\/wp-json\/wp\/v2\/posts\/132173","targetHints":{"allow":["GET"]}}],"collection":[{"href":"https:\/\/www.europesays.com\/es\/wp-json\/wp\/v2\/posts"}],"about":[{"href":"https:\/\/www.europesays.com\/es\/wp-json\/wp\/v2\/types\/post"}],"author":[{"embeddable":true,"href":"https:\/\/www.europesays.com\/es\/wp-json\/wp\/v2\/users\/2"}],"replies":[{"embeddable":true,"href":"https:\/\/www.europesays.com\/es\/wp-json\/wp\/v2\/comments?post=132173"}],"version-history":[{"count":0,"href":"https:\/\/www.europesays.com\/es\/wp-json\/wp\/v2\/posts\/132173\/revisions"}],"wp:featuredmedia":[{"embeddable":true,"href":"https:\/\/www.europesays.com\/es\/wp-json\/wp\/v2\/media\/132174"}],"wp:attachment":[{"href":"https:\/\/www.europesays.com\/es\/wp-json\/wp\/v2\/media?parent=132173"}],"wp:term":[{"taxonomy":"category","embeddable":true,"href":"https:\/\/www.europesays.com\/es\/wp-json\/wp\/v2\/categories?post=132173"},{"taxonomy":"post_tag","embeddable":true,"href":"https:\/\/www.europesays.com\/es\/wp-json\/wp\/v2\/tags?post=132173"}],"curies":[{"name":"wp","href":"https:\/\/api.w.org\/{rel}","templated":true}]}}