{"id":132175,"date":"2025-09-22T17:01:08","date_gmt":"2025-09-22T17:01:08","guid":{"rendered":"https:\/\/www.europesays.com\/es\/132175\/"},"modified":"2025-09-22T17:01:08","modified_gmt":"2025-09-22T17:01:08","slug":"dua-lipa-se-carga-de-forma-fulminante-a-su-manager-tras-un-boicot-propalestino","status":"publish","type":"post","link":"https:\/\/www.europesays.com\/es\/132175\/","title":{"rendered":"Dua Lipa &#8216;se carga&#8217; de forma fulminante a su manager tras un boicot propalestino"},"content":{"rendered":"<p class=\"ft-text\"><strong>Dua Lipa<\/strong> ha tomado la decisi\u00f3n de despedir a su manager, <strong>David Levy<\/strong>. La artista ha prescindido de sus servicios a ra\u00edz de una carta que el propio representante envi\u00f3 a un grupo de rap irland\u00e9s en el <strong>festival de Glastonbury, <\/strong>por su postura propalestina. El conflicto sali\u00f3 a la luz cuando se filtr\u00f3 un correo electr\u00f3nico que<strong> Levy hab\u00eda enviado de manera \u201cprivada y confidencial\u201d <\/strong>a los organizadores del evento. En dicho mensaje solicitaba cancelar la presentaci\u00f3n de <strong>Kneecap<\/strong>, acus\u00e1ndolos de mantener supuestos v\u00ednculos con Hezbollah y de promover ideas antisemitas. Sin embargo,<strong> los responsables del festival ignoraron la petici\u00f3n y permitieron que el grupo actuara sin inconvenientes.<\/strong><\/p>\n<p class=\"ft-text\">Para <strong>Dua Lipa<\/strong>, el gesto de su representante fue una <strong>falta grave y contraria a los valores que ella defiende<\/strong>. Pese a que Dua Lipa ha sido una figura muy reivindicativa con el pa\u00eds del <strong>Medio Oriente<\/strong>, sinti\u00f3 que <strong>Levy <\/strong>estaba actuando en contra de la causa que ella apoya y de la<strong> libertad de expresi\u00f3n art\u00edstica, <\/strong>adem\u00e1s de que su comportamiento podr\u00eda da\u00f1ar su imagen p\u00fablica y su coherencia con los valores que defiende.<\/p>\n<p>La artista, muy contrariada \u00e9ticamente<\/p>\n<p class=\"ft-text\">La cantante brit\u00e1nica, de ra\u00edces kosovares, es conocida por su postura en apoyo a <strong>Palestina <\/strong>y por denunciar la violencia en la regi\u00f3n, por lo que la intervenci\u00f3n de Levy fue interpretada como un acto que iba en contra de sus principios. No es la primera vez que la int\u00e9rprete genera debate con sus opiniones pol\u00edticas. En los \u00faltimos a\u00f1os,<strong> ha utilizado sus redes sociales para expresar su solidaridad con el pueblo palestino, <\/strong>lo que le ha ganado tanto admiradores como detractores. Su decisi\u00f3n de despedir a <strong>Levy <\/strong>refuerza su imagen de artista comprometida, dispuesta a tomar decisiones dif\u00edciles para mantenerse fiel a sus ideales.<\/p>\n<p class=\"ft-text\">Incluso con las cr\u00edticas que han recibido por expresar apoyo a organizaciones como <strong>Ham\u00e1s y Hezbollah<\/strong> en otros escenarios, el tr\u00edo continu\u00f3 su gira y se present\u00f3 con normalidad.<\/p>\n<p>Doble ruptura<\/p>\n<p class=\"ft-text\">Adem\u00e1s de<strong> Dua Lipa, la banda brit\u00e1nica Massive Attack tambi\u00e9n decidi\u00f3 cortar lazos con Levy, sum\u00e1ndose<\/strong> al rechazo por su intento de censura.<\/p>\n<p class=\"ft-text\">Actualmente, la cantante sigue representada por otro agente de su equipo en la agencia <strong>William Morris Endeavor<\/strong>, lo que garantiza que su carrera siga en marcha sin contratiempos.<\/p>\n","protected":false},"excerpt":{"rendered":"Dua Lipa ha tomado la decisi\u00f3n de despedir a su manager, David Levy. La artista ha prescindido de&hellip;\n","protected":false},"author":2,"featured_media":132176,"comment_status":"","ping_status":"","sticky":false,"template":"","format":"standard","meta":{"footnotes":""},"categories":[170],"tags":[42235,13496,146,147,25,24,22853,12064,184,185,76,42234,23],"class_list":{"0":"post-132175","1":"post","2":"type-post","3":"status-publish","4":"format-standard","5":"has-post-thumbnail","7":"category-musica","8":"tag-david-levy","9":"tag-dua","10":"tag-entertainment","11":"tag-entretenimiento","12":"tag-es","13":"tag-espana","14":"tag-lipa","15":"tag-manager","16":"tag-music","17":"tag-musica","18":"tag-palestina","19":"tag-se-carga","20":"tag-spain"},"share_on_mastodon":{"url":"","error":""},"_links":{"self":[{"href":"https:\/\/www.europesays.com\/es\/wp-json\/wp\/v2\/posts\/132175","targetHints":{"allow":["GET"]}}],"collection":[{"href":"https:\/\/www.europesays.com\/es\/wp-json\/wp\/v2\/posts"}],"about":[{"href":"https:\/\/www.europesays.com\/es\/wp-json\/wp\/v2\/types\/post"}],"author":[{"embeddable":true,"href":"https:\/\/www.europesays.com\/es\/wp-json\/wp\/v2\/users\/2"}],"replies":[{"embeddable":true,"href":"https:\/\/www.europesays.com\/es\/wp-json\/wp\/v2\/comments?post=132175"}],"version-history":[{"count":0,"href":"https:\/\/www.europesays.com\/es\/wp-json\/wp\/v2\/posts\/132175\/revisions"}],"wp:featuredmedia":[{"embeddable":true,"href":"https:\/\/www.europesays.com\/es\/wp-json\/wp\/v2\/media\/132176"}],"wp:attachment":[{"href":"https:\/\/www.europesays.com\/es\/wp-json\/wp\/v2\/media?parent=132175"}],"wp:term":[{"taxonomy":"category","embeddable":true,"href":"https:\/\/www.europesays.com\/es\/wp-json\/wp\/v2\/categories?post=132175"},{"taxonomy":"post_tag","embeddable":true,"href":"https:\/\/www.europesays.com\/es\/wp-json\/wp\/v2\/tags?post=132175"}],"curies":[{"name":"wp","href":"https:\/\/api.w.org\/{rel}","templated":true}]}}