{"id":132179,"date":"2025-09-22T17:03:13","date_gmt":"2025-09-22T17:03:13","guid":{"rendered":"https:\/\/www.europesays.com\/es\/132179\/"},"modified":"2025-09-22T17:03:13","modified_gmt":"2025-09-22T17:03:13","slug":"horario-nominados-y-por-donde-se-puede-ver","status":"publish","type":"post","link":"https:\/\/www.europesays.com\/es\/132179\/","title":{"rendered":"horario, nominados y por d\u00f3nde se puede ver"},"content":{"rendered":"<p class=\"mb-4 text-lg md:leading-8 break-words\">Joan Laporta, presidente de Barcelona: \u201cVeo a Lamine (Yamal) con una ilusi\u00f3n contenida, rodeado de sus amigos y compa\u00f1eros que tambi\u00e9n aspiran al t\u00edtulo como Raphinha. Me gusta como se toman estos eventos. Lo veo con mucha ilusi\u00f3n. Ser\u00eda algo hist\u00f3rico. Yo lo que quiero es que sea un jugador del Bar\u00e7a\u201d.<\/p>\n<p class=\"mb-4 text-lg md:leading-8 break-words\">Real Madrid tras confirmar que no iban a premiar a Vinicius en 2024 con el Bal\u00f3n de Oro, tom\u00f3 la determinaci\u00f3n de no asistir a la gala y este a\u00f1o mantuvo su postura a pesar de tener jugadores nominados. El club no ser\u00e1 parte, pero s\u00ed acudir\u00e1 a t\u00edtulo personal, una de sus jugadoras, la escocesa <b>Caroline Weir, <\/b>asistir\u00e1 acompa\u00f1ada por un empleado del club.<\/p>\n<p class=\"mb-4 text-lg md:leading-8 break-words\">Esta es la n\u00f3mina de los ganadores de los premios en 2024: el Bal\u00f3n de Oro masculino: Rodri (Espa\u00f1a, Manchester City); el Bal\u00f3n de Oro femenino: Aitana Bonmat\u00ed (Espa\u00f1a, Barcelona); el Trofeo Kopa: Lamine Yamal (Espa\u00f1a, Barcelona); el Trofeo Yashin: Emiliano Mart\u00ednez (Argentina, Aston Villa); el Trofeo al Entrenador del A\u00f1o en el f\u00fatbol masculino: Carlo Ancelotti (Italia, Real Madrid); el Trofeo al Entrenador\/a del A\u00f1o en el f\u00fatbol femenino: Emma Hayes (Inglaterra, Chelsea\/selecci\u00f3n nacional de Estados Unidos); el Trofeo al Club del A\u00f1o masculino: Real Madrid; el Trofeo al Club del A\u00f1o femenino: Barcelona; el Trofeo Gerd M\u00fcller: Harry Kane (Inglaterra, Bayern) y Kylian Mbapp\u00e9 (Francia, Paris Saint-Germain\/Real Madrid); Premio S\u00f3crates: Jenni Hermoso (Espa\u00f1a, Tigres UANL).<\/p>\n<p class=\"mb-4 text-lg md:leading-8 break-words\">En la historia del Bal\u00f3n de Oro varios latinoamericanos fueron reconocidos: Alfredo Di St\u00e9fano, lo gan\u00f3 en 1957 y 1959 como jugador del Real Madrid y de la selecci\u00f3n espa\u00f1ola; Ronaldo Naz\u00e1rio lo obtuvo en 1997 con Inter y en 2002 con el Real Madrid, Rivaldo, lo gan\u00f3 en 1999, Ronaldinho en 2005 y Kak\u00e1 en 2007. Despu\u00e9s lleg\u00f3 el tiempo de Lionel Messi, que se qued\u00f3 con el premio en ocho oportunidades: 2009, 2010, 2011, 2012, 2015, 2019, 2021 y 2023. Con esta cifra super\u00f3 a Cristiano Ronaldo y se convirti\u00f3 en el futbolista m\u00e1s laureado en la historia del galard\u00f3n.<\/p>\n<p class=\"mb-4 text-lg md:leading-8 break-words\">Si bien se reparten diversas distinciones, el galard\u00f3n m\u00e1s esperado es al mejor jugador del mundo y en la rama masculina. En ese rubro aparecen muchos nombres, incluso Lautaro Mart\u00ednez y Alexis Mac Allister est\u00e1n en la n\u00f3mina, aunque los m\u00e1ximos favoritos, seg\u00fan los medios especializados, son: Demb\u00e9l\u00e9, Lamine Yamal, Kylian Mbapp\u00e9, Vitinha y Erling Haaland.<\/p>\n<p class=\"mb-4 text-lg md:leading-8 break-words\">Bienvenidos a la transmisi\u00f3n en vivo de la gala de la entrega del Bal\u00f3n de Oro, que se realizar\u00e1 en el Theatre du Chateleten, en Par\u00eds. La ceremonia del premio otorgado por la revista France Football que reconoce al mejor futbolista de la temporada, arranca a las 16 y ser\u00e1 televisada por Disney+ Premium.<\/p>\n","protected":false},"excerpt":{"rendered":"Joan Laporta, presidente de Barcelona: \u201cVeo a Lamine (Yamal) con una ilusi\u00f3n contenida, rodeado de sus amigos y&hellip;\n","protected":false},"author":2,"featured_media":132180,"comment_status":"","ping_status":"","sticky":false,"template":"","format":"standard","meta":{"footnotes":""},"categories":[93],"tags":[6748,41967,15676,32461,2296,210,24836,41992,8432,168,31901,22961,25,24,18136,25395,7519,4467,8040,8138,41968,3411,2013,42237,16808,4759,11679,3048,35098,23,167,35150,13334,41999],"class_list":{"0":"post-132179","1":"post","2":"type-post","3":"status-publish","4":"format-standard","5":"has-post-thumbnail","7":"category-deportes","8":"tag-aitana-bonmati","9":"tag-alexis-mac-allister","10":"tag-aston-villa","11":"tag-balon-de-oro","12":"tag-barca","13":"tag-barcelona","14":"tag-bayern","15":"tag-caroline-weir","16":"tag-cristiano-ronaldo","17":"tag-deportes","18":"tag-emiliano-martinez","19":"tag-erling-haaland","20":"tag-es","21":"tag-espana","22":"tag-harry-kane","23":"tag-inter","24":"tag-jenni-hermoso","25":"tag-joan-laporta","26":"tag-kylian-mbappe","27":"tag-lamine-yamal","28":"tag-lautaro-martinez","29":"tag-lionel-messi","30":"tag-manchester-city","31":"tag-mundo-deportivo","32":"tag-ousmane-dembele","33":"tag-paris","34":"tag-raphinha","35":"tag-real-madrid","36":"tag-rodri","37":"tag-spain","38":"tag-sports","39":"tag-transmision-en-vivo","40":"tag-vinicius","41":"tag-vitinha"},"share_on_mastodon":{"url":"","error":""},"_links":{"self":[{"href":"https:\/\/www.europesays.com\/es\/wp-json\/wp\/v2\/posts\/132179","targetHints":{"allow":["GET"]}}],"collection":[{"href":"https:\/\/www.europesays.com\/es\/wp-json\/wp\/v2\/posts"}],"about":[{"href":"https:\/\/www.europesays.com\/es\/wp-json\/wp\/v2\/types\/post"}],"author":[{"embeddable":true,"href":"https:\/\/www.europesays.com\/es\/wp-json\/wp\/v2\/users\/2"}],"replies":[{"embeddable":true,"href":"https:\/\/www.europesays.com\/es\/wp-json\/wp\/v2\/comments?post=132179"}],"version-history":[{"count":0,"href":"https:\/\/www.europesays.com\/es\/wp-json\/wp\/v2\/posts\/132179\/revisions"}],"wp:featuredmedia":[{"embeddable":true,"href":"https:\/\/www.europesays.com\/es\/wp-json\/wp\/v2\/media\/132180"}],"wp:attachment":[{"href":"https:\/\/www.europesays.com\/es\/wp-json\/wp\/v2\/media?parent=132179"}],"wp:term":[{"taxonomy":"category","embeddable":true,"href":"https:\/\/www.europesays.com\/es\/wp-json\/wp\/v2\/categories?post=132179"},{"taxonomy":"post_tag","embeddable":true,"href":"https:\/\/www.europesays.com\/es\/wp-json\/wp\/v2\/tags?post=132179"}],"curies":[{"name":"wp","href":"https:\/\/api.w.org\/{rel}","templated":true}]}}