{"id":132183,"date":"2025-09-22T17:05:08","date_gmt":"2025-09-22T17:05:08","guid":{"rendered":"https:\/\/www.europesays.com\/es\/132183\/"},"modified":"2025-09-22T17:05:08","modified_gmt":"2025-09-22T17:05:08","slug":"una-adolescente-con-vocacion-de-monja-de-clausura-dinamita-el-festival-de-san-sebastian","status":"publish","type":"post","link":"https:\/\/www.europesays.com\/es\/132183\/","title":{"rendered":"una adolescente con vocaci\u00f3n de monja de clausura dinamita el Festival de San Sebasti\u00e1n"},"content":{"rendered":"<p>M\u00e1s que proyectarse <strong>Los domingos<\/strong> en <a href=\"https:\/\/www.rtve.es\/noticias\/festival-san-sebastian\/\" rel=\"nofollow noopener\" target=\"_blank\">San Sebasti\u00e1n<\/a>, los espectadores se han proyectado en Los domingos. La nueva pel\u00edcula de <strong>Alauda Ruiz de Az\u00faa<\/strong> (<a href=\"https:\/\/www.rtve.es\/television\/20230203\/cinco-lobitos-festival-malaga-susi-sanchez-laia-costa-alauda-ruiz\/2315547.shtml\" rel=\"nofollow noopener\" target=\"_blank\">Cinco lobitos<\/a>, <strong>Querer) <\/strong>monopoliza los debates en del festival de cine. Una historia con una trama radical en su punto de partida -una adolescente de 17 a\u00f1os medita ingresar en un convento como monja de clausura- que luego va desplegando y abriendo melones sobre la educaciones (religiosas y parentales), y las tensiones econ\u00f3micas entre familiares.<\/p>\n<p>Ruiz de Az\u00faa, que se define como no creyente, ha urdido sin embargo un artefacto, muy bien recibido en el festival, con la voluntad de entender y explicar a sus personajes, pero que tambi\u00e9n ha soliviantado a algunos anticlericales.<\/p>\n<p>La debutante <strong>Blanca Soroa <\/strong>interpreta a esa joven de una familia tradicional de clase media solvente, de colegio privado cat\u00f3lico, pero venida un poco menos tras el fallecimiento de su madre y los proyectos empresariales fallidos de un padre de mentalidad conservadora (<strong>Miguel Garc\u00e9s<\/strong>), que tambi\u00e9n es incapaz de cuidar la formaci\u00f3n de sus hijas. La t\u00eda de la adolescente y hermana de su padre, interpretada por <strong>Patricia L\u00f3pez de Arnaiz<\/strong>, es una mujer atea que trata de desactivar la vocaci\u00f3n mientras sufre en su propia relaci\u00f3n de pareja y mantiene tiranteces con su hermano por la herencia familiar.<\/p>\n<p>\u201cMe interesaba que la familia pod\u00eda ser un \u00e1ngulo muy interesante para abordar el tema de la vocaci\u00f3n religiosa. Vi un caso parecido y es algo que puede provocar una divisi\u00f3n muy fuerte.<strong> \u00bfQu\u00e9 haces con alguien que va cumplir la mayor\u00eda de edad y va poder tomar sus decisiones? \u00bfAcompa\u00f1as? \u00bfMuestras tu parecer?<\/strong>\u201d, explica la directora y guionista en una entrevista con RTVE.es.<\/p>\n<p>Ruiz de Az\u00faa entiende la fe en un sentido amplio. \u201c<strong>No soy una persona creyente, ten\u00eda m\u00e1s un inter\u00e9s humano, \u00e9tico y pol\u00edtico<\/strong>\u201d, define. \u201cPero no soy ajena al hecho de que los no creyentes tambi\u00e9n necesitamos creer en algo, hacemos actos de fe para vivir en un universo indiferente y a veces cruel. Creemos en proyectos de familias, profesiones, vocaciones art\u00edsticas o amigos enumera\u201d.<\/p>\n<p>Como hizo con Querer, la serie en la que aborda los maltratos, para Los domingos realiz\u00f3 una minuciosa documentaci\u00f3n con m\u00faltiples entrevistas. \u00bfTambi\u00e9n con monjas de clausura? \u201cCon mucha gente\u201d, responde con una sonrisa misteriosa pero elocuente. \u201cEn este proceso, fueron claves los testimonios que hablaban de \u2018amor\u2019 (hacia Dios), que me dieron la clave para construir la pel\u00edcula con dos puntos de vista radicales: el de la t\u00eda que considera una locura la decisi\u00f3n y el de la chica que siente la vocaci\u00f3n.<strong> Contraponer el amor espiritual, divino, frente al amor m\u00e1s terrenal y m\u00e1s imperfecto, que es la familia<\/strong>: si no tienes un asidero religioso, te queda ese amor m\u00e1s imperfecto\u201d.<\/p>\n<p>El equipo de &#8216;Los domingos&#8217;, en San Sebasti\u00e1n.\u00a0ANDER GILLENEA \/ AFP<\/p>\n<p>En ese sentido, se puede leer Los domingos como una radicalizaci\u00f3n de un joven que es carne de ca\u00f1\u00f3n: machaque religioso cat\u00f3lico en la escuela, ausencia de madre y padre tradicional que le censura por tener cualquier tipo de inclinaci\u00f3n sexual. Pero, para qui\u00e9n crea que Dios puede hablar a una joven para ponerla a su servicio, la pel\u00edcula deja un espacio a la fe. \u201cLa pel\u00edcula no ha cambiado mi opini\u00f3n sobre la Iglesia como instituci\u00f3n, <strong>pero s\u00ed he descubierto que gente creyente ha encontrado consuelo real en la fe<\/strong>\u201d, opina. <\/p>\n<p><strong>Nagore Aramburu<\/strong> interpreta a la priora de la orden, un papel clave para advertir c\u00f3mo la Iglesia maneja las vocaciones. \u201cEra un personaje peligros\u00edsimo, que no pod\u00eda validar ni parodiar. Como espectador te planteas si est\u00e1 acompa\u00f1ando a alguien en un sentimiento religioso o lo est\u00e1 empujando, porque la l\u00ednea es muy fina\u201d.<\/p>\n<p>Los coros religiosos del colegio envuelven la pel\u00edcula, lo que, de nuevo, puede ser casi un elemento de terror como una elevaci\u00f3n espiritual, seg\u00fan el punto de vista. Nada es f\u00e1cil en Los domingos, pero incluso los que detectan equidistancia admiten la voluntad rigurosa de su creadora.<\/p>\n","protected":false},"excerpt":{"rendered":"M\u00e1s que proyectarse Los domingos en San Sebasti\u00e1n, los espectadores se han proyectado en Los domingos. La nueva&hellip;\n","protected":false},"author":2,"featured_media":132184,"comment_status":"","ping_status":"","sticky":false,"template":"","format":"standard","meta":{"footnotes":""},"categories":[91],"tags":[146,147,25,24,23],"class_list":{"0":"post-132183","1":"post","2":"type-post","3":"status-publish","4":"format-standard","5":"has-post-thumbnail","7":"category-entretenimiento","8":"tag-entertainment","9":"tag-entretenimiento","10":"tag-es","11":"tag-espana","12":"tag-spain"},"share_on_mastodon":{"url":"","error":""},"_links":{"self":[{"href":"https:\/\/www.europesays.com\/es\/wp-json\/wp\/v2\/posts\/132183","targetHints":{"allow":["GET"]}}],"collection":[{"href":"https:\/\/www.europesays.com\/es\/wp-json\/wp\/v2\/posts"}],"about":[{"href":"https:\/\/www.europesays.com\/es\/wp-json\/wp\/v2\/types\/post"}],"author":[{"embeddable":true,"href":"https:\/\/www.europesays.com\/es\/wp-json\/wp\/v2\/users\/2"}],"replies":[{"embeddable":true,"href":"https:\/\/www.europesays.com\/es\/wp-json\/wp\/v2\/comments?post=132183"}],"version-history":[{"count":0,"href":"https:\/\/www.europesays.com\/es\/wp-json\/wp\/v2\/posts\/132183\/revisions"}],"wp:featuredmedia":[{"embeddable":true,"href":"https:\/\/www.europesays.com\/es\/wp-json\/wp\/v2\/media\/132184"}],"wp:attachment":[{"href":"https:\/\/www.europesays.com\/es\/wp-json\/wp\/v2\/media?parent=132183"}],"wp:term":[{"taxonomy":"category","embeddable":true,"href":"https:\/\/www.europesays.com\/es\/wp-json\/wp\/v2\/categories?post=132183"},{"taxonomy":"post_tag","embeddable":true,"href":"https:\/\/www.europesays.com\/es\/wp-json\/wp\/v2\/tags?post=132183"}],"curies":[{"name":"wp","href":"https:\/\/api.w.org\/{rel}","templated":true}]}}