{"id":132188,"date":"2025-09-22T17:08:10","date_gmt":"2025-09-22T17:08:10","guid":{"rendered":"https:\/\/www.europesays.com\/es\/132188\/"},"modified":"2025-09-22T17:08:10","modified_gmt":"2025-09-22T17:08:10","slug":"tomar-paracetamol-en-el-embarazo-aumenta-el-riesgo-de-autismo-la-contundente-opinion-de-los-expertos-sobre-el-anuncio-de-trump","status":"publish","type":"post","link":"https:\/\/www.europesays.com\/es\/132188\/","title":{"rendered":"\u00bfTomar paracetamol en el embarazo aumenta el riesgo de autismo? La contundente opini\u00f3n de los expertos sobre el anuncio de Trump"},"content":{"rendered":"<p>22\/09\/2025<br \/>\n<br \/><strong><br \/>\nActualizado a las 17:31h.<br \/>\n<\/strong><\/p>\n<p class=\"voc-p\" style=\"\">El gobierno de <a href=\"https:\/\/www.abc.es\/sociedad\/trump-dispone-anunciar-paracetamol-embarazo-eleva-riesgo-20250922130052-nt.html\" target=\"_self\" data-voc-vtm-id=\"in-text-traffic\" title=\"Donald Trump planea anunciar este lunes que el uso del paracetamol en el embarazo est\u00e1 potencialmente relacionado con el autismo\" data-mrf-link=\"www.abc.es\" rel=\"nofollow noopener\">Donald Trump planea anunciar este lunes que el uso del paracetamol en el embarazo est\u00e1 potencialmente relacionado con el autismo<\/a>, por lo que desaconsejar\u00e1 su uso en mujeres en las primeras etapas de la gestaci\u00f3n, salvo que tengan fiebre, seg\u00fan ha adelantado The Washington Post. Adem\u00e1s, en el mismo contexto, se producir\u00e1 la recomendaci\u00f3n de un f\u00e1rmaco llamado <a href=\"https:\/\/www.abc.es\/salud\/enfermedades\/golpe-cancer-mortal-20230120123117-nt.html\" target=\"_self\" data-voc-vtm-id=\"in-text-traffic\" title=\"leucovorina\" data-mrf-link=\"www.abc.es\" rel=\"nofollow noopener\">leucovorina<\/a> como tratamiento contra el autismo, a\u00f1ade el art\u00edculo<\/p>\n<p class=\"voc-p\" style=\"\">El presidente de Estados Unidos desvel\u00f3 el s\u00e1bado que su administraci\u00f3n har\u00eda un anuncio sobre los hallazgos del autismo este lunes, aunque se neg\u00f3 a ofrecer detalles. \u00abCreo que ser\u00e1 un anuncio muy importante. Creo que ser\u00e1 una de las cosas m\u00e1s importantes que haremos\u00bb, declar\u00f3 Trump en una cena organizada por el conservador American Cornerstone Institute.<\/p>\n<p class=\"voc-p\" style=\"\">El Wall Street Journal ya inform\u00f3 este mes que el secretario de Salud, <a href=\"https:\/\/www.abc.es\/internacional\/senado-estados-unidos-confirma-antivacunas-robert-kennedy-20250213174240-nt.html\" target=\"_self\" data-voc-vtm-id=\"in-text-traffic\" title=\"Robert F. Kennedy Jr.\" data-mrf-link=\"www.abc.es\" rel=\"nofollow noopener\">Robert F. Kennedy Jr.<\/a>, conocido por sus posiciones antivacunas, planea anunciar que el uso de Tylenol, un popular paracetamol de venta libre en EE.UU., por parte de mujeres embarazadas est\u00e1 potencialmente relacionado con el autismo, contrariamente a las directrices m\u00e9dicas que establecen su seguridad.<\/p>\n<p class=\"voc-p\" style=\"\">\u00abHay muchos estudios que refutan esta correlaci\u00f3n, pero el m\u00e1s importante fue <a href=\"https:\/\/www.abc.es\/salud\/tomar-paracetamol-embarazo-aumenta-riesgo-autismo-tdah-20240410145316-nt.html\" target=\"_self\" data-voc-vtm-id=\"in-text-traffic\" title=\"un estudio sueco de 2,4 millones de nacimientos (1995-2019) publicado en 2024\" data-mrf-link=\"www.abc.es\" rel=\"nofollow noopener\">un estudio sueco de 2,4 millones de nacimientos (1995-2019) publicado en 2024<\/a>, que utiliz\u00f3 datos reales de hermanos y no encontr\u00f3 ninguna relaci\u00f3n entre la exposici\u00f3n al paracetamol en el \u00fatero y el autismo, el TDAH o la discapacidad intelectual posteriores. Esto sugiere que<strong> no existe un efecto causal del paracetamol en el autismo<\/strong>. Esto se ve reforzado por la ausencia de una relaci\u00f3n dependiente de la dosis. No hay pruebas s\u00f3lidas ni estudios convincentes que sugieran que exista una relaci\u00f3n causal y las conclusiones que se extraen en sentido contrario suelen estar motivadas, carecer de pruebas y no estar respaldadas por los m\u00e9todos m\u00e1s s\u00f3lidos para responder a esta pregunta. Estoy excepcionalmente segura de que no existe ninguna relaci\u00f3n\u00ab, asegura, en declaraciones a <a href=\"https:\/\/sciencemediacentre.es\/\" target=\"_self\" data-voc-vtm-id=\"in-text-traffic\" title=\"SMC Espa\u00f1a\" data-mrf-link=\"sciencemediacentre.es\" rel=\"nofollow noopener\">SMC Espa\u00f1a<\/a>, Monique Botha, profesora asociada de Psicolog\u00eda Social y del Desarrollo en la Universidad de Durham (Reino Unido).<\/p>\n<p class=\"voc-p\" style=\"\">La experta considera que el paracetamol es una opci\u00f3n mucho m\u00e1s segura para aliviar el dolor durante el embarazo que pr\u00e1cticamente cualquier otra alternativa. \u00abEl alarmismo impedir\u00e1 que las mujeres accedan a la atenci\u00f3n adecuada durante el embarazo. Adem\u00e1s, se corre el riesgo de estigmatizar a las familias que tienen hijos o hijas autistas como si ellas mismas lo hubieran provocado, y se reaviva el antiguo patr\u00f3n de verg\u00fcenza y culpa materna que hemos visto resurgir repetidamente en los \u00faltimos 70 a\u00f1os, en los que se intenta culpar de alguna manera a la madre por el autismo\u00bb, concluye.<\/p>\n<p class=\"voc-p\" style=\"\">La doctora Ar\u00e1nzazu Hern\u00e1ndez-Fabi\u00e1n neuropediatra y miembro del Grupo de Trabajo de TDAH y trastornos del Neurodesarrollo de la SENEP, recuerda que el trastorno del espectro del autismo (TEA) es una condici\u00f3n del neurodesarrollo temprano. \u00abEl autismo es una condici\u00f3n que acompa\u00f1a a la persona a lo largo de su vida. No se trata de una enfermedad, se trata de neurodiversidad\u00bb, asegura.<\/p>\n<p class=\"voc-p\" style=\"\">\u00abLas personas con autismo presentan desaf\u00edos en su comunicaci\u00f3n y socializaci\u00f3n, as\u00ed como conductas repetitivas, intereses restringidos, menor tolerancia a los cambios, o respuestas sensoriales at\u00edpicas\u00bb, detalla la neuropediatra. Adem\u00e1s, se considera un espectro porque \u00bbcada persona con autismo es \u00fanica, con sus fortalezas y sus propias necesidades, requiriendo distintos niveles de apoyo a lo largo de su vida\u00ab.<\/p>\n<p class=\"voc-p\" style=\"\">Se ha producido un incremento en el diagn\u00f3tico del 300% en las dos \u00faltimas d\u00e9cadas, en gran parte, seg\u00fan la experta de la SENEP, por la mejora en el acceso al diagn\u00f3stico, por la inclusi\u00f3n en el espectro del autismo de personas con s\u00edntomas menos evidentes pero que provocan interferencia en su vida diaria, y \u00abpuede que tambi\u00e9n por el aumento de algunos factores de riesgo relacionados con el TEA\u00bb, explica la doctora Hern\u00e1ndez-Fabi\u00e1n.<\/p>\n<p class=\"voc-p\" style=\"\">\u00abEl autismo <strong>es el resultado de varios factores, a menudo combinados, en particular, la predisposici\u00f3n gen\u00e9tica<\/strong> y, en ocasiones, la <strong>falta de ox\u00edgeno en el momento del nacimiento<\/strong> como consecuencia de complicaciones. Las investigaciones han demostrado que cualquier aumento marginal aparente como resultado del uso de paracetamol durante el embarazo tiende a desaparecer cuando los an\u00e1lisis tienen en cuenta los factores m\u00e1s importantes. Por ejemplo, en los estudios que analizaron a hermanos, cualquier asociaci\u00f3n desapareci\u00f3: lo que importaba era el historial familiar y no el uso de paracetamol. Centrarse indebidamente en el paracetamol podr\u00eda impedir que las familias utilicen uno de los medicamentos m\u00e1s seguros para el embarazo cuando lo necesitan\u00ab, coincide Dimitrios Siassakos, profesor de Obstetricia y Ginecolog\u00eda en el University College London y consultor honorario de Obstetricia en el University College London Hospital, en declaraciones a SMC Espa\u00f1a.<\/p>\n<p class=\"voc-p\" style=\"\">Sobre el uso de la leucovorina como tratamiento para el autismo, Monique Botha asegura que se necesita m\u00e1s evidencia sobre el efecto de este f\u00e1rmaco y los rasgos autistas fundamentales antes de poder extraer conclusiones significativas: \u00abLas pruebas disponibles en este momento son excepcionalmente provisionales y no se consideran s\u00f3lidas. Del mismo modo, aunque los medicamentos pueden ayudar en aspectos muy espec\u00edficos, <strong>no existe ning\u00fan medicamento o tratamiento que cure o elimine activamente el autismo<\/strong>, aunque puede ajustar el comportamiento o reducir los s\u00edntomas concurrentes que contribuyen al malestar de las personas autistas\u00ab.<\/p>\n<p class=\"voc-p\" style=\"\">Las personas autistas son excepcionalmente heterog\u00e9neas, por lo que cualquier tratamiento o medicamento para rasgos espec\u00edficos \u00abprobablemente funcione para manifestaciones muy espec\u00edficas de rasgos autistas, en contextos muy particulares. Las afirmaciones generales sobre curas o tratamientos no suelen ser precisas, \u00fatiles ni \u00e9ticas\u00bb, concluye la profesora asociada de Psicolog\u00eda Social y del Desarrollo en la Universidad de Durham (Reino Unido).<\/p>\n<p>Reportar un error<\/p>\n","protected":false},"excerpt":{"rendered":"22\/09\/2025 Actualizado a las 17:31h. El gobierno de Donald Trump planea anunciar este lunes que el uso del&hellip;\n","protected":false},"author":2,"featured_media":132189,"comment_status":"","ping_status":"","sticky":false,"template":"","format":"standard","meta":{"footnotes":""},"categories":[42],"tags":[3349,17,18,10690,1621,13,14,11,61,62,63,64,19,20,9,10,15,16,29511,5977,12,21,22,65,66,67],"class_list":{"0":"post-132188","1":"post","2":"type-post","3":"status-publish","4":"format-standard","5":"has-post-thumbnail","7":"category-internacional","8":"tag-autismo","9":"tag-breaking-news","10":"tag-breakingnews","11":"tag-desmienten","12":"tag-expertos","13":"tag-featured-news","14":"tag-featurednews","15":"tag-headlines","16":"tag-internacional","17":"tag-international","18":"tag-international-news","19":"tag-internationalnews","20":"tag-latest-news","21":"tag-latestnews","22":"tag-news","23":"tag-noticias","24":"tag-noticias-destacadas","25":"tag-noticiasdestacadas","26":"tag-paracetamol","27":"tag-relacion","28":"tag-titulares","29":"tag-ultimas-noticias","30":"tag-ultimasnoticias","31":"tag-world","32":"tag-world-news","33":"tag-worldnews"},"share_on_mastodon":{"url":"","error":""},"_links":{"self":[{"href":"https:\/\/www.europesays.com\/es\/wp-json\/wp\/v2\/posts\/132188","targetHints":{"allow":["GET"]}}],"collection":[{"href":"https:\/\/www.europesays.com\/es\/wp-json\/wp\/v2\/posts"}],"about":[{"href":"https:\/\/www.europesays.com\/es\/wp-json\/wp\/v2\/types\/post"}],"author":[{"embeddable":true,"href":"https:\/\/www.europesays.com\/es\/wp-json\/wp\/v2\/users\/2"}],"replies":[{"embeddable":true,"href":"https:\/\/www.europesays.com\/es\/wp-json\/wp\/v2\/comments?post=132188"}],"version-history":[{"count":0,"href":"https:\/\/www.europesays.com\/es\/wp-json\/wp\/v2\/posts\/132188\/revisions"}],"wp:featuredmedia":[{"embeddable":true,"href":"https:\/\/www.europesays.com\/es\/wp-json\/wp\/v2\/media\/132189"}],"wp:attachment":[{"href":"https:\/\/www.europesays.com\/es\/wp-json\/wp\/v2\/media?parent=132188"}],"wp:term":[{"taxonomy":"category","embeddable":true,"href":"https:\/\/www.europesays.com\/es\/wp-json\/wp\/v2\/categories?post=132188"},{"taxonomy":"post_tag","embeddable":true,"href":"https:\/\/www.europesays.com\/es\/wp-json\/wp\/v2\/tags?post=132188"}],"curies":[{"name":"wp","href":"https:\/\/api.w.org\/{rel}","templated":true}]}}