{"id":132206,"date":"2025-09-22T17:20:08","date_gmt":"2025-09-22T17:20:08","guid":{"rendered":"https:\/\/www.europesays.com\/es\/132206\/"},"modified":"2025-09-22T17:20:08","modified_gmt":"2025-09-22T17:20:08","slug":"me-la-he-jugado-muchas-veces","status":"publish","type":"post","link":"https:\/\/www.europesays.com\/es\/132206\/","title":{"rendered":"Me la he jugado muchas veces"},"content":{"rendered":"<p>&#8216;El Hormiguero&#8217; retoma sus emisiones como cada semana. Tras unos d\u00edas marcados por las palabras de Pablo Motos (en las que asegur\u00f3 que a \u00e9l se le \u00abha intentado cargar tanto por el PP como por el PSOE\u00bb), el programa retoma su actividad habitual con la visita de <a href=\"https:\/\/cosasdecasa.lecturas.com\/casas-famosos\/asi-es-estiloso-salon-esther-canadas-48-anos-look-industrial-toques-color-mesa-vintage_2427\" target=\"_self\" rel=\"nofollow noopener\">Esther Ca\u00f1adas<\/a> (48 a\u00f1os). La modelo no necesita presentaci\u00f3n. Ha protagonizado\u00a0las portadas m\u00e1s codiciadas y ha sido rostro habitual en las grandes capitales de la moda, siendo una de las modelos espa\u00f1olas m\u00e1s reconocidas a nivel internacional. Este lunes, acude al plat\u00f3 para charlar sobre su trayectoria en el mundo de la moda, su experiencia en las pasarelas m\u00e1s importantes del mundo y c\u00f3mo ha sabido mantenerse como un referente a lo largo de los a\u00f1os.<\/p>\n<p>La modelo hablar\u00e1 de los nuevos proyectos personales y profesionales en los que est\u00e1 inmersa, pero tambi\u00e9n\u00a0compartir\u00e1 con el p\u00fablico c\u00f3mo ha sido su vida dentro y fuera de los focos.\u00a0<\/p>\n<p>\u00abSi alguien le hubiera dicho a esa Esther beb\u00e9 que ten\u00eda tantos sue\u00f1os todo lo que la vida le traer\u00eda\u2026\u00bb, escribi\u00f3 la modelo con motivo de su 48 cumplea\u00f1os. Estas palabras aparecen junto a una imagen de ella cuando apenas era un beb\u00e9.\u00a0\u00a0<\/p>\n<blockquote class=\"instagram-media\" data-instgrm-captioned=\"\" data-instgrm-permalink=\"https:\/\/www.instagram.com\/p\/DGy0-lNNbw5\/?utm_source=ig_embed&amp;utm_campaign=loading\" data-instgrm-version=\"14\" style=\" background:#FFF; border:0; border-radius:3px; box-shadow:0 0 1px 0 rgba(0,0,0,0.5),0 1px 10px 0 rgba(0,0,0,0.15); margin: 1px; max-width:540px; min-width:326px; padding:0; width:99.375%; width:-webkit-calc(100% - 2px); width:calc(100% - 2px);\"\/>\n<p>Esther Ca\u00f1adas es una de las modelos espa\u00f1olas m\u00e1s internacionales. Su carrera empez\u00f3 cuando era muy joven. Dio sus primeros pasos en una pasarela con apenas 15 a\u00f1os. En los a\u00f1os noventa ya era un rostro habitual de las revistas y las firmas de moda. Si hubo un punto de inflexi\u00f3n en su trayectoria (y su vida personal) fue <strong>la campa\u00f1a que protagoniz\u00f3 para el perfume DKNY de Donna Karan<\/strong>. En \u00e9l, aparece con\u00a0el tambi\u00e9n modelo Mark Vanderloo, con quien se cas\u00f3 en 1999 y del que se divorci\u00f3 solo un a\u00f1o despu\u00e9s.\u00a0\u00abHe estado en sitios y hecho cosas que jama\u0301s se me hubiesen pasado por la cabeza\u00bb, reconoc\u00eda la modelo en una entrevista con &#8216;Harper&#8217;s Bazaar&#8217;.<\/p>\n<p>Despu\u00e9s de haber sido un rostro indiscutible de la moda, a mediados de los 2000, se tom\u00f3 un descanso. Se alej\u00f3 del foco medi\u00e1tico tras ser diagnosticada de una enfermedad inmunol\u00f3gica,\u00a0vasculitis, y se traslad\u00f3 a M\u00e9xico. Tambi\u00e9n se convirti\u00f3 en madre de una ni\u00f1a llamada Galia. \u00abDa respeto, tienes que ser consciente de tus decisiones, pero yo me la he jugado muchas veces y siempre lo he hecho porque sabi\u0301a que teni\u0301a que hacerlo\u00bb, afirmaba a la citada revista.<\/p>\n<blockquote class=\"instagram-media\" data-instgrm-captioned=\"\" data-instgrm-permalink=\"https:\/\/www.instagram.com\/reel\/DOisHQXiICB\/?utm_source=ig_embed&amp;utm_campaign=loading\" data-instgrm-version=\"14\" style=\" background:#FFF; border:0; border-radius:3px; box-shadow:0 0 1px 0 rgba(0,0,0,0.5),0 1px 10px 0 rgba(0,0,0,0.15); margin: 1px; max-width:540px; min-width:326px; padding:0; width:99.375%; width:-webkit-calc(100% - 2px); width:calc(100% - 2px);\"\/>\n<p>Estuvo <strong>casi una d\u00e9cada alejada de las pasarelas<\/strong>, tiempo que aprovech\u00f3 para desarrollar labores de filantrop\u00eda. En 2020,\u00a0Esther Ca\u00f1adas reapareci\u00f3\u00a0en el desfile de Olivier Rousteing para Balmain. Fue la encargada de cerrarlo. Ese mismo verano tambi\u00e9n a ser portada de revistas como Harper&#8217;s Bazaar: \u00abTengo mucha energ\u00eda y ganas de hacer cosas nuevas. Me siento como si acabara de empezar, como si me quedara mucho por hacer y descubrir\u00bb. Hace apenas unos d\u00edas, se le pudo ver desfilando para\u00a0Carolina Herrera en la Plaza Mayor de Madrid en el marco de su colecci\u00f3n Primavera\/Verano 2026.<\/p>\n<p>El momento m\u00e1s dif\u00edcil de la modelo<\/p>\n<p>En estos \u00faltimos a\u00f1os, Esther Ca\u00f1adas ha retomado su actividad de manera progresiva. Cada vez son m\u00e1s las pasarelas en las que se deja ver, pero, en esta nueva etapa profesional, tambi\u00e9n est\u00e1 mostrando m\u00e1s sobre su faceta personal. Su\u00a0reincorporaci\u00f3n a la vida p\u00fablica ha ido acompa\u00f1ado de un relato \u00edntimo sobre su vida. Prueba de ello con sus entrevistas en &#8216;Las tres puertas&#8217; o el p\u00f3dcast &#8216;A solas con&#8217;, donde habl\u00f3 abiertamente acerca de su enfermedad.<\/p>\n<p>\u00abHe estado seis a\u00f1os de mi vida luchando por salir de un sitio que era muy dif\u00edcil\u00bb, le contaba a Vicky Mart\u00edn Berrocal en 2023.\u00a0\u00abMe pod\u00eda haber quedado ah\u00ed; viv\u00eda con un 10% de mi energ\u00eda\u00bb. Los m\u00e9dicos\u00a0le prescribieron \u201creposo absoluto de por vida\u201d pese a que los resultados de las anal\u00edticas no ofrec\u00edan nada concluyente. La vasculitis le llev\u00f3 a probar de todo, desde tratamientos experimentales a la meditaci\u00f3n con monjes: \u00abEra un desastre todo\u00bb.\u00a0Se alej\u00f3 de la que hab\u00eda sido su rutina hasta entonces y se traslad\u00f3 a M\u00e9xico. \u00abMe ayud\u00f3 vivirlo sola. Descubr\u00ed que pod\u00eda con todo\u00bb, aseguraba en la citada entrevista.\u00a0<\/p>\n<p>Se convenci\u00f3 de que \u00absi esto lo he creado, tambi\u00e9n puedo curarlo\u00bb. Todo cambi\u00f3 en 2014, cuando naci\u00f3 su hija Galia: \u00abPude criar a mi hija y dedicarme a ella. No me he perdido nada y eso no me lo quita nadie, eso es un regalo\u00bb.<\/p>\n<p>La nueva vida de Esther Ca\u00f1adas<\/p>\n<p>El tiempo ha permitido que volvamos a disfrutar de ella en las pasarelas. Tambi\u00e9n que descubramos otras facetas m\u00e1s personales, como lo divertida que fue en &#8216;Mask Singer&#8217;. Se atrevi\u00f3 a ponerse debajo de Rinoceronte. \u00ab<strong>No pasa nada por estar mal, pero hay que volver<\/strong>\u00ab, ha asegurado en varias ocasiones.<\/p>\n<p>Confiesa que, pese a su distanciamiento, sigue sintiendo el cari\u00f1o del sector. Esther Ca\u00f1adas se ha convertido en\u00a0la cara visible del primer desfile que Carolina Herrera ha hecho fuera de Nueva York. La firma se ha trasladado hasta Madrid para rendir homenaje a la cultura espa\u00f1ola. Ahora, no solo est\u00e1 centrada en su faceta profesional, tambi\u00e9n reserva un hueco muy importante en su agenda para estar junto a su hija de apenas 11 a\u00f1os.\u00a0<\/p>\n<p><script async src=\"\/\/www.instagram.com\/embed.js\"><\/script><\/p>\n","protected":false},"excerpt":{"rendered":"&#8216;El Hormiguero&#8217; retoma sus emisiones como cada semana. Tras unos d\u00edas marcados por las palabras de Pablo Motos&hellip;\n","protected":false},"author":2,"featured_media":132207,"comment_status":"","ping_status":"","sticky":false,"template":"","format":"standard","meta":{"footnotes":""},"categories":[174],"tags":[255,146,147,25,24,256,23],"class_list":{"0":"post-132206","1":"post","2":"type-post","3":"status-publish","4":"format-standard","5":"has-post-thumbnail","7":"category-famosos","8":"tag-celebrities","9":"tag-entertainment","10":"tag-entretenimiento","11":"tag-es","12":"tag-espana","13":"tag-famosos","14":"tag-spain"},"share_on_mastodon":{"url":"","error":""},"_links":{"self":[{"href":"https:\/\/www.europesays.com\/es\/wp-json\/wp\/v2\/posts\/132206","targetHints":{"allow":["GET"]}}],"collection":[{"href":"https:\/\/www.europesays.com\/es\/wp-json\/wp\/v2\/posts"}],"about":[{"href":"https:\/\/www.europesays.com\/es\/wp-json\/wp\/v2\/types\/post"}],"author":[{"embeddable":true,"href":"https:\/\/www.europesays.com\/es\/wp-json\/wp\/v2\/users\/2"}],"replies":[{"embeddable":true,"href":"https:\/\/www.europesays.com\/es\/wp-json\/wp\/v2\/comments?post=132206"}],"version-history":[{"count":0,"href":"https:\/\/www.europesays.com\/es\/wp-json\/wp\/v2\/posts\/132206\/revisions"}],"wp:featuredmedia":[{"embeddable":true,"href":"https:\/\/www.europesays.com\/es\/wp-json\/wp\/v2\/media\/132207"}],"wp:attachment":[{"href":"https:\/\/www.europesays.com\/es\/wp-json\/wp\/v2\/media?parent=132206"}],"wp:term":[{"taxonomy":"category","embeddable":true,"href":"https:\/\/www.europesays.com\/es\/wp-json\/wp\/v2\/categories?post=132206"},{"taxonomy":"post_tag","embeddable":true,"href":"https:\/\/www.europesays.com\/es\/wp-json\/wp\/v2\/tags?post=132206"}],"curies":[{"name":"wp","href":"https:\/\/api.w.org\/{rel}","templated":true}]}}