{"id":132208,"date":"2025-09-22T17:22:11","date_gmt":"2025-09-22T17:22:11","guid":{"rendered":"https:\/\/www.europesays.com\/es\/132208\/"},"modified":"2025-09-22T17:22:11","modified_gmt":"2025-09-22T17:22:11","slug":"george-takei-liderara-la-semana-de-los-libros-prohibidos-e-insta-a-luchar-contra-la-censura-2","status":"publish","type":"post","link":"https:\/\/www.europesays.com\/es\/132208\/","title":{"rendered":"George Takei liderar\u00e1 la Semana de los Libros Prohibidos e insta a luchar contra la censura"},"content":{"rendered":"<p class=\"mb-4 text-lg md:leading-8 break-words\">NUEVA YORK (AP) \u2014 El pr\u00f3ximo proyecto del actor y activista George Takei ser\u00e1 en favor de una pasi\u00f3n de toda la vida: el derecho a leer.<\/p>\n<p class=\"mb-4 text-lg md:leading-8 break-words\">La Asociaci\u00f3n Estadounidense de Bibliotecas anunci\u00f3 el lunes que Takei, de 88 a\u00f1os, ser\u00e1 el presidente honorario de la Semana de los Libros Prohibidos, que se celebrar\u00e1 del 5 al 11 de octubre. Bibliotecas y librer\u00edas de todo el pa\u00eds destacar\u00e1n libros que han sido censurados, desde \u00abGender Queer\u00bb de Maia Kobabe hasta \u00abThe Bluest Eye\u00bb de Toni Morrison.<\/p>\n<p class=\"mb-4 text-lg md:leading-8 break-words\">Takei, el actor de \u00abStar Trek\u00bb, quien pas\u00f3 parte de su infancia en un campo de internamiento japon\u00e9s durante la II Guerra Mundial.<\/p>\n<p class=\"mb-4 text-lg md:leading-8 break-words\">\u201cRecuerdo muy bien la falta de acceso a libros y medios que necesitaba mientras crec\u00eda\u201d, indic\u00f3 en el anuncio. \u00abPrimero como ni\u00f1o en un campo de prisioneros rodeado de alambre de p\u00faas, luego como un joven gay en el armario, me sent\u00eda confundido y hambriento de comprensi\u00f3n sobre m\u00ed mismo y el mundo que me rodeaba\u00bb.<\/p>\n<p class=\"mb-4 text-lg md:leading-8 break-words\">\u201cPor favor, \u00fananse a m\u00ed en la oposici\u00f3n a la censura, para que todos podamos encontrarnos a nosotros mismos \u2014y a los dem\u00e1s\u2014 en los libros\u201d, a\u00f1adi\u00f3.<\/p>\n<p class=\"mb-4 text-lg md:leading-8 break-words\">Algunos de los presidentes honorarios anteriores de la Semana de los Libros Prohibidos, establecida en 1982, fueron a Ava DuVernay, LeVar Burton y Jason Reynolds.<\/p>\n<p class=\"mb-4 text-lg md:leading-8 break-words\">Takei compartir\u00e1 el liderazgo con la presidenta honoraria juvenil Iris Mogul, una estudiante de primer a\u00f1o en la Universidad de California, Santa Cruz, quien lleva a\u00f1os colaborando en campa\u00f1as contra la prohibici\u00f3n.<\/p>\n<p class=\"mb-4 text-lg md:leading-8 break-words\">___<\/p>\n<p class=\"mb-4 text-lg md:leading-8 break-words\">Esta historia fue traducida del ingl\u00e9s por un editor de AP con la ayuda de una herramienta de inteligencia artificial generativa.<\/p>\n","protected":false},"excerpt":{"rendered":"NUEVA YORK (AP) \u2014 El pr\u00f3ximo proyecto del actor y activista George Takei ser\u00e1 en favor de una&hellip;\n","protected":false},"author":2,"featured_media":132209,"comment_status":"","ping_status":"","sticky":false,"template":"","format":"standard","meta":{"footnotes":""},"categories":[172],"tags":[8286,224,146,147,25,24,42241,17383,225,42243,42244,30216,23,42242],"class_list":{"0":"post-132208","1":"post","2":"type-post","3":"status-publish","4":"format-standard","5":"has-post-thumbnail","7":"category-libros","8":"tag-bibliotecas","9":"tag-books","10":"tag-entertainment","11":"tag-entretenimiento","12":"tag-es","13":"tag-espana","14":"tag-george-takei","15":"tag-la-semana","16":"tag-libros","17":"tag-libros-prohibidos","18":"tag-maia-kobabe","19":"tag-santa-cruz","20":"tag-spain","21":"tag-universidad-de-california"},"share_on_mastodon":{"url":"","error":""},"_links":{"self":[{"href":"https:\/\/www.europesays.com\/es\/wp-json\/wp\/v2\/posts\/132208","targetHints":{"allow":["GET"]}}],"collection":[{"href":"https:\/\/www.europesays.com\/es\/wp-json\/wp\/v2\/posts"}],"about":[{"href":"https:\/\/www.europesays.com\/es\/wp-json\/wp\/v2\/types\/post"}],"author":[{"embeddable":true,"href":"https:\/\/www.europesays.com\/es\/wp-json\/wp\/v2\/users\/2"}],"replies":[{"embeddable":true,"href":"https:\/\/www.europesays.com\/es\/wp-json\/wp\/v2\/comments?post=132208"}],"version-history":[{"count":0,"href":"https:\/\/www.europesays.com\/es\/wp-json\/wp\/v2\/posts\/132208\/revisions"}],"wp:featuredmedia":[{"embeddable":true,"href":"https:\/\/www.europesays.com\/es\/wp-json\/wp\/v2\/media\/132209"}],"wp:attachment":[{"href":"https:\/\/www.europesays.com\/es\/wp-json\/wp\/v2\/media?parent=132208"}],"wp:term":[{"taxonomy":"category","embeddable":true,"href":"https:\/\/www.europesays.com\/es\/wp-json\/wp\/v2\/categories?post=132208"},{"taxonomy":"post_tag","embeddable":true,"href":"https:\/\/www.europesays.com\/es\/wp-json\/wp\/v2\/tags?post=132208"}],"curies":[{"name":"wp","href":"https:\/\/api.w.org\/{rel}","templated":true}]}}