{"id":132222,"date":"2025-09-22T17:29:07","date_gmt":"2025-09-22T17:29:07","guid":{"rendered":"https:\/\/www.europesays.com\/es\/132222\/"},"modified":"2025-09-22T17:29:07","modified_gmt":"2025-09-22T17:29:07","slug":"apple-no-descansa-y-ya-trabaja-en-la-siguiente-version-con-un-objetivo-muy-claro","status":"publish","type":"post","link":"https:\/\/www.europesays.com\/es\/132222\/","title":{"rendered":"Apple no descansa y ya trabaja en la siguiente versi\u00f3n con un objetivo muy claro"},"content":{"rendered":"<p>Apenas una semana despu\u00e9s de lanzar la <a class=\"text-outboundlink\" href=\"https:\/\/www.applesfera.com\/nuevo\/ios-19-informacion\" data-vars-post-title=\"Descubre iOS 26: novedades, iPhone compatibles y m\u00e1s sobre la nueva era del sistema operativo de Apple\" data-vars-post-url=\"https:\/\/www.applesfera.com\/nuevo\/ios-19-informacion\" rel=\"nofollow noopener\" target=\"_blank\">versi\u00f3n final de iOS 26<\/a> para todo el p\u00fablico, la maquinaria de Cupertino se pone en marcha de nuevo. Apple acaba de liberar para los desarrolladores <strong>la <\/strong><strong>primera beta de iOS 26.1<\/strong>, dando el pistoletazo de salida a la que ser\u00e1 la primera actualizaci\u00f3n incremental de su nuevo sistema operativo.<\/p>\n<p>Es importante recordar que esta beta, al igual que las primeras de cada ciclo, est\u00e1 orientada exclusivamente a desarrolladores. Para el resto de usuarios, nuestra recomendaci\u00f3n es no instalarla. <strong>La beta p\u00fablica, m\u00e1s estable, llegar\u00e1 en cuesti\u00f3n de d\u00edas o semanas<\/strong>.<\/p>\n<p>\u00bfQu\u00e9 novedades trae iOS 26.1?<\/p>\n<p>Como es tradici\u00f3n en las primeras actualizaciones \u00ab.1\u00bb, no se esperan grandes revoluciones. El <strong>objetivo principal de <\/strong><strong>iOS 26.1<\/strong><strong> es la <\/strong><strong>correcci\u00f3n de errores<\/strong><strong> y la <\/strong><strong>mejora del rendimiento general<\/strong>. De hecho, <a class=\"text-outboundlink\" href=\"https:\/\/www.applesfera.com\/ios\/has-notado-que-bateria-tu-iphone-vuela-ios-26-apple-confirma-que-temporal-esta-razon\" data-vars-post-title=\"\u00bfHas notado que la bater\u00eda de tu iPhone vuela con iOS 26? Apple confirma que es temporal y esta es la raz\u00f3n \" data-vars-post-url=\"https:\/\/www.applesfera.com\/ios\/has-notado-que-bateria-tu-iphone-vuela-ios-26-apple-confirma-que-temporal-esta-razon\" rel=\"nofollow noopener\" target=\"_blank\">Apple ya ha advertido<\/a> que la duraci\u00f3n de bater\u00eda de iOS 26 puede verse reducida.\u00a0Es habitual que tras un lanzamiento masivo aparezcan peque\u00f1os fallos o bugs que <strong>Apple se apresura a solucionar<\/strong> en esta primera gran actualizaci\u00f3n.\u00a0<\/p>\n<p>El equipo de Applesfera est\u00e1 analizando con lupa la nueva versi\u00f3n de iOS 26.1 para descubrir si hay cambios m\u00e1s all\u00e1 de lo est\u00e9tico.\u00a0<\/p>\n<p>Con este lanzamiento se inicia un nuevo ciclo de desarrollo. A diferencia de las betas de iOS 26, <strong>el objetivo ahora es madurar el sistema operativo<\/strong> ya lanzado. Veremos varias betas de iOS 26.1 a lo largo de las pr\u00f3ximas semanas, culminando con una versi\u00f3n final que <strong>se espera para todos los usuarios durante el pr\u00f3ximo mes de octubre<\/strong>.<\/p>\n<p>De hecho, es posible que ni siquiera sea compatible con los <a class=\"text-outboundlink\" href=\"https:\/\/www.applesfera.com\/nuevo\/apple-iphone-17-pro-caracteristicas-precio-ficha-tecnica\" data-vars-post-title=\"Nuevos iPhone 17 Pro y Pro Max: llega con un gran redise\u00f1o y un nuevo salto en sus c\u00e1maras y la mejor bater\u00eda\" data-vars-post-url=\"https:\/\/www.applesfera.com\/nuevo\/apple-iphone-17-pro-caracteristicas-precio-ficha-tecnica\" rel=\"nofollow noopener\" target=\"_blank\">nuevos iPhone 17<\/a> que salen a la venta este viernes. Apple suele trabajar a varias semanas vista y no es el primer a\u00f1o que la versi\u00f3n \u00abpunto uno\u00bb beta uno <strong>no llega a tiempo para el nuevo iPhone<\/strong>. Por ello, insistimos m\u00e1s que nunca: espera a la beta p\u00fablica si quieres algo m\u00e1s de estabilidad y una versi\u00f3n m\u00e1s avanzada que la actual iOS 26.0.<\/p>\n<p>En Applesfera | <a class=\"text-outboundlink\" href=\"https:\/\/www.applesfera.com\/nuevo\/ios-19-informacion\" data-vars-post-title=\"Descubre iOS 26: novedades, iPhone compatibles y m\u00e1s sobre la nueva era del sistema operativo de Apple\" data-vars-post-url=\"https:\/\/www.applesfera.com\/nuevo\/ios-19-informacion\" rel=\"nofollow noopener\" target=\"_blank\">Nuevo iOS 26: novedades, iPhone compatibles y toda la informaci\u00f3n sobre la nueva actualizaci\u00f3n<\/a><\/p>\n<p>En Applesfera | <a class=\"text-outboundlink\" href=\"https:\/\/www.applesfera.com\/analisis\/apple-iphone-17-pro-analisis-caracteristicas-precio-especificaciones\" data-vars-post-title=\"iPhone 17 Pro, an\u00e1lisis: potencia, c\u00e1mara de vapor y ocho lentes en el bolsillo. Todo un iPhone Ultra en esencia\" data-vars-post-url=\"https:\/\/www.applesfera.com\/analisis\/apple-iphone-17-pro-analisis-caracteristicas-precio-especificaciones\" rel=\"nofollow noopener\" target=\"_blank\">iPhone 17 Pro, an\u00e1lisis: potencia, c\u00e1mara de vapor y ocho lentes en el bolsillo. Todo un iPhone Ultra en esencia<\/a><\/p>\n","protected":false},"excerpt":{"rendered":"Apenas una semana despu\u00e9s de lanzar la versi\u00f3n final de iOS 26 para todo el p\u00fablico, la maquinaria&hellip;\n","protected":false},"author":2,"featured_media":132223,"comment_status":"","ping_status":"","sticky":false,"template":"","format":"standard","meta":{"footnotes":""},"categories":[81],"tags":[119,123,124,25,24,117,121,122,23,118,120],"class_list":{"0":"post-132222","1":"post","2":"type-post","3":"status-publish","4":"format-standard","5":"has-post-thumbnail","7":"category-ciencia-y-tecnologia","8":"tag-ciencia","9":"tag-ciencia-y-tecnologia","10":"tag-cienciaytecnologia","11":"tag-es","12":"tag-espana","13":"tag-science","14":"tag-science-and-technology","15":"tag-scienceandtechnology","16":"tag-spain","17":"tag-technology","18":"tag-tecnologia"},"share_on_mastodon":{"url":"","error":""},"_links":{"self":[{"href":"https:\/\/www.europesays.com\/es\/wp-json\/wp\/v2\/posts\/132222","targetHints":{"allow":["GET"]}}],"collection":[{"href":"https:\/\/www.europesays.com\/es\/wp-json\/wp\/v2\/posts"}],"about":[{"href":"https:\/\/www.europesays.com\/es\/wp-json\/wp\/v2\/types\/post"}],"author":[{"embeddable":true,"href":"https:\/\/www.europesays.com\/es\/wp-json\/wp\/v2\/users\/2"}],"replies":[{"embeddable":true,"href":"https:\/\/www.europesays.com\/es\/wp-json\/wp\/v2\/comments?post=132222"}],"version-history":[{"count":0,"href":"https:\/\/www.europesays.com\/es\/wp-json\/wp\/v2\/posts\/132222\/revisions"}],"wp:featuredmedia":[{"embeddable":true,"href":"https:\/\/www.europesays.com\/es\/wp-json\/wp\/v2\/media\/132223"}],"wp:attachment":[{"href":"https:\/\/www.europesays.com\/es\/wp-json\/wp\/v2\/media?parent=132222"}],"wp:term":[{"taxonomy":"category","embeddable":true,"href":"https:\/\/www.europesays.com\/es\/wp-json\/wp\/v2\/categories?post=132222"},{"taxonomy":"post_tag","embeddable":true,"href":"https:\/\/www.europesays.com\/es\/wp-json\/wp\/v2\/tags?post=132222"}],"curies":[{"name":"wp","href":"https:\/\/api.w.org\/{rel}","templated":true}]}}